{"id":15043,"date":"2024-07-04T09:51:22","date_gmt":"2024-07-04T12:51:22","guid":{"rendered":"https:\/\/www.visionweb.com.ar\/?p=15043"},"modified":"2024-07-04T09:51:22","modified_gmt":"2024-07-04T12:51:22","slug":"oficializan-la-creacion-del-plan-nacional-de-alfabetizacion","status":"publish","type":"post","link":"https:\/\/www.visionweb.com.ar\/?p=15043","title":{"rendered":"Oficializan la creaci\u00f3n del Plan Nacional de Alfabetizaci\u00f3n"},"content":{"rendered":"<p><em><strong>El Gobierno Nacional cre\u00f3 el plan de alfabetizaci\u00f3n que se conform\u00f3 mediante un acuerdo entre todos los representantes educativos de las provincias.<\/strong><\/em><!--more--><\/p>\n<p><strong>\u00a0\u00a0 <img loading=\"lazy\" decoding=\"async\" class=\"size-medium wp-image-10258 alignright\" src=\"https:\/\/www.visionweb.com.ar\/wp-content\/uploads\/2023\/04\/aula-300x168.png\" alt=\"\" width=\"300\" height=\"168\" srcset=\"https:\/\/www.visionweb.com.ar\/wp-content\/uploads\/2023\/04\/aula-300x168.png 300w, https:\/\/www.visionweb.com.ar\/wp-content\/uploads\/2023\/04\/aula.png 390w\" sizes=\"auto, (max-width: 300px) 100vw, 300px\" \/> E<\/strong>l Gobierno nacional oficializ\u00f3 este jueves la\u00a0<strong>creaci\u00f3n del Plan Nacional de Alfabetizaci\u00f3n<\/strong>\u00a0que tiene como principal objetivo que los estudiantes del pa\u00eds \u201cpuedan leer, comprender y producir textos acordes a su nivel educativo\u201d.<\/p>\n<p>Lo hizo a trav\u00e9s\u00a0<strong>del Decreto 579\/2024<\/strong>\u00a0que pone en vigencia la medida y que fue publicado en el\u00a0<strong>Bolet\u00edn Oficial<\/strong>\u00a0con la firma de\u00a0<strong>Javier Milei<\/strong>, del Jefe de Gabinete, Guillermo Francos, y de la ministra de Capital Humano,\u00a0<strong>Sandra Pettovello.<\/strong><\/p>\n<p>La norma oficializada este jueves en el<strong>\u00a0<\/strong>Bolet\u00edn Oficial<strong>\u00a0<\/strong>busca atender un firme problema educativo que registra<strong>\u00a0Argentina\u00a0<\/strong>desde hace a\u00f1os.<\/p>\n<p>El art\u00edculo 2\u00b0 de la normativa establece que \u201ca partir de la implementaci\u00f3n del Programa\u201d, que deriv\u00f3 de un acuerdo entre todos los representantes educativos de las provincias, \u201c<strong>se desarrollar\u00e1 una pol\u00edtica de alfabetizaci\u00f3n prioritaria y transversal<\/strong>, a partir de la cual se acompa\u00f1ar\u00e1 y asistir\u00e1 a las 24 jurisdicciones del pa\u00eds en el dise\u00f1o y desarrollo de sus pol\u00edticas de alfabetizaci\u00f3n, a trav\u00e9s de propuestas educativas y acciones acordadas conjuntamente\u201d.<\/p>\n<p>El plan se justifica ante la mala performance de los alumnos en la evaluaci\u00f3n Aprender 2023 donde aproximadamente el 34% de los estudiantes de sexto grado no alcanz\u00f3 el nivel de desempe\u00f1o Satisfactorio de comprensi\u00f3n lectora, y en el PISA digital 2022 donde el 55% de los estudiantes secundarios no alcanz\u00f3 el nivel m\u00ednimo de desempe\u00f1o establecido.<\/p>\n<p>Las acciones que se desarrollen dentro del programa, de acuerdo a lo expresado por el decreto,\u00a0se estructurar\u00e1n dentro de los siguientes <strong>ejes<\/strong>: <strong>el compromiso de alcance comunitario, la alfabetizaci\u00f3n en los primeros a\u00f1os de la escolaridad y la transversalidad de la alfabetizaci\u00f3n<\/strong>.<\/p>\n<p>Tambi\u00e9n se tomar\u00e1n en cuenta, seg\u00fan el documento oficial, la <strong>formaci\u00f3n docente inicial y continua, el acceso a recursos educativos de calidad, el monitoreo y evaluaci\u00f3n, y la consolidaci\u00f3n de una estructura que vincule las inversiones en alfabetizaci\u00f3n con las condiciones efectivas para el aprendizaje<\/strong>.<\/p>\n<p>Tambi\u00e9n se procurar\u00e1 \u201cproducir, imprimir, adquirir y\/o distribuir materiales educativos y libros para los estudiantes, y materiales con orientaciones para directores, docentes y\/o familias; desarrollar, en conjunto con las jurisdicciones, propuestas para fortalecer el acompa\u00f1amiento a las trayectorias estudiantiles que incorporen estrategias de aceleraci\u00f3n de los aprendizajes; y ofrecer recursos para los equipos t\u00e9cnicos jurisdiccionales, equipos de direcci\u00f3n escolar y supervisores, para que promuevan un trabajo integral en las escuelas de nivel inicial, primario y secundario en relaci\u00f3n con los procesos de alfabetizaci\u00f3n de sus estudiantes\u201d. <strong>(VW)<\/strong><\/p>\n","protected":false},"excerpt":{"rendered":"<p>El Gobierno Nacional cre\u00f3 el plan de alfabetizaci\u00f3n que se conform\u00f3 mediante un acuerdo entre todos los representantes educativos de las provincias.<\/p>\n","protected":false},"author":4,"featured_media":10258,"comment_status":"closed","ping_status":"closed","sticky":false,"template":"","format":"standard","meta":{"_monsterinsights_skip_tracking":false,"_monsterinsights_sitenote_active":false,"_monsterinsights_sitenote_note":"","_monsterinsights_sitenote_category":0,"footnotes":""},"categories":[7,4],"tags":[6327],"class_list":["post-15043","post","type-post","status-publish","format-standard","has-post-thumbnail","hentry","category-educacion-y-cultura","category-politica","tag-plan-nacional-de-alfabetizacion"],"_links":{"self":[{"href":"https:\/\/www.visionweb.com.ar\/index.php?rest_route=\/wp\/v2\/posts\/15043","targetHints":{"allow":["GET"]}}],"collection":[{"href":"https:\/\/www.visionweb.com.ar\/index.php?rest_route=\/wp\/v2\/posts"}],"about":[{"href":"https:\/\/www.visionweb.com.ar\/index.php?rest_route=\/wp\/v2\/types\/post"}],"author":[{"embeddable":true,"href":"https:\/\/www.visionweb.com.ar\/index.php?rest_route=\/wp\/v2\/users\/4"}],"replies":[{"embeddable":true,"href":"https:\/\/www.visionweb.com.ar\/index.php?rest_route=%2Fwp%2Fv2%2Fcomments&post=15043"}],"version-history":[{"count":1,"href":"https:\/\/www.visionweb.com.ar\/index.php?rest_route=\/wp\/v2\/posts\/15043\/revisions"}],"predecessor-version":[{"id":15044,"href":"https:\/\/www.visionweb.com.ar\/index.php?rest_route=\/wp\/v2\/posts\/15043\/revisions\/15044"}],"wp:featuredmedia":[{"embeddable":true,"href":"https:\/\/www.visionweb.com.ar\/index.php?rest_route=\/wp\/v2\/media\/10258"}],"wp:attachment":[{"href":"https:\/\/www.visionweb.com.ar\/index.php?rest_route=%2Fwp%2Fv2%2Fmedia&parent=15043"}],"wp:term":[{"taxonomy":"category","embeddable":true,"href":"https:\/\/www.visionweb.com.ar\/index.php?rest_route=%2Fwp%2Fv2%2Fcategories&post=15043"},{"taxonomy":"post_tag","embeddable":true,"href":"https:\/\/www.visionweb.com.ar\/index.php?rest_route=%2Fwp%2Fv2%2Ftags&post=15043"}],"curies":[{"name":"wp","href":"https:\/\/api.w.org\/{rel}","templated":true}]}}