{"id":15040,"date":"2024-07-04T09:28:32","date_gmt":"2024-07-04T12:28:32","guid":{"rendered":"https:\/\/www.visionweb.com.ar\/?p=15040"},"modified":"2024-07-04T09:28:32","modified_gmt":"2024-07-04T12:28:32","slug":"de-mar-del-plata-al-fin-del-mundo-hara-3-000-km-a-pie-en-homenaje-a-los-tripulantes-del-ara-san-juan","status":"publish","type":"post","link":"https:\/\/www.visionweb.com.ar\/?p=15040","title":{"rendered":"\u201cDe Mar del Plata al fin del mundo\u201d: Har\u00e1 3.000 km a pie en homenaje a los tripulantes del ARA San Juan"},"content":{"rendered":"<p><strong><em>Se trata de Guillermo Tibaldi, capit\u00e1n de nav\u00edo retirado de la Armada Argentina y deportista aficionado. Este s\u00e1bado 6 de julio partir\u00e1 desde Mar del Plata rumbo a Puerto Almanza, en Tierra del Fuego, donde llegar\u00e1 en noviembre.<\/em><\/strong><!--more--><\/p>\n<p><strong>\u00a0\u00a0\u00a0 <img loading=\"lazy\" decoding=\"async\" class=\"size-medium wp-image-15041 alignright\" src=\"https:\/\/www.visionweb.com.ar\/wp-content\/uploads\/2024\/07\/Guillermo-tibaldi-300x176.png\" alt=\"\" width=\"300\" height=\"176\" srcset=\"https:\/\/www.visionweb.com.ar\/wp-content\/uploads\/2024\/07\/Guillermo-tibaldi-300x176.png 300w, https:\/\/www.visionweb.com.ar\/wp-content\/uploads\/2024\/07\/Guillermo-tibaldi.png 555w\" sizes=\"auto, (max-width: 300px) 100vw, 300px\" \/>\u00a0\u00a0 G<\/strong>uillermo <strong>Tibaldi<\/strong>, de 68 a\u00f1os, quien antes de su retiro fue comandante del submarino que naufrag\u00f3,\u00a0 realizar\u00e1 un ambicioso <strong>homenaje en honor a los 44 tripulantes del ARA San Juan<\/strong>, ya que recorrer\u00e1 <strong>m\u00e1s de 3.000 kil\u00f3metros a pie<\/strong> para unir lo que fue el muelle local donde amarraba el buque en Mar del Plata con Puerto Almanza, en Ushuaia.<\/p>\n<p>As\u00ed, este s\u00e1bado 6 de julio, a las 10 de la ma\u00f1ana,<strong> Tibaldi partir\u00e1 desde el Puerto de Mar del Plata, m\u00e1s precisamente desde el muelle desde el que zarpaba el ARA San Juan.\u00a0<\/strong><\/p>\n<p><strong>Su objetivo es llegar a Puerto Almanza en noviembre y el d\u00eda 15 de ese mes participar del acto por el s\u00e9ptimo aniversario del naufragio del submarino\u00a0<\/strong>en la escuela provincial \u201c44 H\u00e9roes del Submarino \u2018San Juan\u2019\u201d.<\/p>\n<p>En Ushuaia, provincia de Tierra del Fuego, fue el \u00faltimo punto donde se pudo divisar al submarino antes de su naufragio en noviembre de 2017.<\/p>\n<p>\u201cNo hab\u00eda ning\u00fan memorial en Mar del Plata, un lugar p\u00fablico y libre para poder recordarlos. As\u00ed surgi\u00f3 el homenaje. Yo soy deportista amateur, monta\u00f1ista y fue mi manera de unir las cosas. Cuando uno muere por la patria est\u00e1 en lo m\u00e1s alto, as\u00ed que m\u00e1s significativo que unir el muelle del submarino del ARA San Juan con la cumbre del Aconcagua, que es lo m\u00e1s alto de la patria\u201d,\u00a0explic\u00f3 Tibaldi.<\/p>\n<p>\u201cEn Puerto Almanza cuando sucede lo que sucede estaban por inaugurar una escuela y le pusieron por ello \u201844 H\u00e9roes del Submarino San Juan\u2019. Yo estuve all\u00ed y no hab\u00eda un memorial, no hab\u00eda nada y me pareci\u00f3 una buena idea construir un memorial en ese lugar\u201d.<\/p>\n<p>Por ello iniciar\u00e1 una campa\u00f1a que esta vez consistir\u00e1 en realizar <strong>\u201cm\u00e1s de tres mil kil\u00f3metros a pie\u201d<\/strong>, ya que a la distancia entre Mar del Plata y Puerto Almanza, se le sumar\u00e1n, al igual que hizo en la \u00faltima vez, paradas en pueblos donde brindar\u00e1 charlas en colegios.<\/p>\n<p>\u201cEn las charlas cuento c\u00f3mo es la vida de un submarinista, cuento la historia del submarino San Juan, las cosas que hizo y trato de destacar siempre lo clave que es el trabajo en equipo en un submarino, para terminar con alguna moraleja remarcando la importancia del trabajo en equipo en cualquier cosa que se haga. Tambi\u00e9n les transmito a los chicos el hecho de la importancia de llevar una vida sana y deportiva\u201d, manifest\u00f3 Tibaldi.<\/p>\n<p>Respecto a su traves\u00eda, el militar retirado adelant\u00f3 que realizar\u00e1 un <strong>promedio de 35 kil\u00f3metros por d\u00eda <\/strong>y cont\u00f3 que siempre ir\u00e1 acompa\u00f1ado por un veh\u00edculo de apoyo: una camioneta preparada especialmente para poder cocinar y dormir.<\/p>\n<p>\u201cLa camioneta la van a ir manejando amigos m\u00edos de fierro que fui convocando y son parte de este homenaje. Si bien yo lidero este homenaje, el homenaje se hace en cada lugar que paso, donde adem\u00e1s de las charlas se hacen ceremonias. Por eso esto es de toda la gente que me acompa\u00f1a\u201d, dijo Tibaldi.<\/p>\n<p>Cabe recordar que, hace cuatro a\u00f1os realiz\u00f3 otra ambiciosa traves\u00eda en honor a los 44 navegantes al unir, tambi\u00e9n trotando, el mar con el Aconcagua, con el objetivo de llevar en una bandera argentina los nombres de los 44 h\u00e9roes que perdieron la vida en el submarino a \u201clo m\u00e1s alto de la patria\u201d.<\/p>\n<p>El recorrido se puede seguir a trav\u00e9s de Instagram (@guillermo_tibaldi) o por su canal de YouTube (@tibaldiway), plataforma en la que subir\u00e1 un video cada viernes. <strong>(VW)<\/strong><\/p>\n","protected":false},"excerpt":{"rendered":"<p>Se trata de Guillermo Tibaldi, capit\u00e1n de nav\u00edo retirado de la Armada Argentina y deportista aficionado. Este s\u00e1bado 6 de julio partir\u00e1 desde Mar del Plata rumbo a Puerto Almanza, en Tierra del Fuego,&#46;&#46;&#46;<\/p>\n","protected":false},"author":4,"featured_media":15041,"comment_status":"closed","ping_status":"closed","sticky":false,"template":"","format":"standard","meta":{"_monsterinsights_skip_tracking":false,"_monsterinsights_sitenote_active":false,"_monsterinsights_sitenote_note":"","_monsterinsights_sitenote_category":0,"footnotes":""},"categories":[8],"tags":[6324,6323,247,6325,6326],"class_list":["post-15040","post","type-post","status-publish","format-standard","has-post-thumbnail","hentry","category-interes-general","tag-guillermo-tibaldi","tag-homenaje-ara-san-juan","tag-mar-del-plata","tag-tres-mil-km-a-pie","tag-ushuaia"],"_links":{"self":[{"href":"https:\/\/www.visionweb.com.ar\/index.php?rest_route=\/wp\/v2\/posts\/15040","targetHints":{"allow":["GET"]}}],"collection":[{"href":"https:\/\/www.visionweb.com.ar\/index.php?rest_route=\/wp\/v2\/posts"}],"about":[{"href":"https:\/\/www.visionweb.com.ar\/index.php?rest_route=\/wp\/v2\/types\/post"}],"author":[{"embeddable":true,"href":"https:\/\/www.visionweb.com.ar\/index.php?rest_route=\/wp\/v2\/users\/4"}],"replies":[{"embeddable":true,"href":"https:\/\/www.visionweb.com.ar\/index.php?rest_route=%2Fwp%2Fv2%2Fcomments&post=15040"}],"version-history":[{"count":1,"href":"https:\/\/www.visionweb.com.ar\/index.php?rest_route=\/wp\/v2\/posts\/15040\/revisions"}],"predecessor-version":[{"id":15042,"href":"https:\/\/www.visionweb.com.ar\/index.php?rest_route=\/wp\/v2\/posts\/15040\/revisions\/15042"}],"wp:featuredmedia":[{"embeddable":true,"href":"https:\/\/www.visionweb.com.ar\/index.php?rest_route=\/wp\/v2\/media\/15041"}],"wp:attachment":[{"href":"https:\/\/www.visionweb.com.ar\/index.php?rest_route=%2Fwp%2Fv2%2Fmedia&parent=15040"}],"wp:term":[{"taxonomy":"category","embeddable":true,"href":"https:\/\/www.visionweb.com.ar\/index.php?rest_route=%2Fwp%2Fv2%2Fcategories&post=15040"},{"taxonomy":"post_tag","embeddable":true,"href":"https:\/\/www.visionweb.com.ar\/index.php?rest_route=%2Fwp%2Fv2%2Ftags&post=15040"}],"curies":[{"name":"wp","href":"https:\/\/api.w.org\/{rel}","templated":true}]}}