{"id":15038,"date":"2024-07-03T16:14:02","date_gmt":"2024-07-03T19:14:02","guid":{"rendered":"https:\/\/www.visionweb.com.ar\/?p=15038"},"modified":"2024-07-03T16:14:02","modified_gmt":"2024-07-03T19:14:02","slug":"ritondo-asumio-al-frente-del-pro-bonaerense","status":"publish","type":"post","link":"https:\/\/www.visionweb.com.ar\/?p=15038","title":{"rendered":"Ritondo asumi\u00f3 al frente del PRO Bonaerense"},"content":{"rendered":"<p><em><strong>La Junta Electoral del PRO bonaerense oficializ\u00f3 a las nuevas autoridades de cara a las elecciones partidarias.<\/strong><\/em><!--more--><\/p>\n<p><strong> <img loading=\"lazy\" decoding=\"async\" class=\"size-medium wp-image-7833 alignright\" src=\"https:\/\/www.visionweb.com.ar\/wp-content\/uploads\/2022\/10\/cristian-ritondo-271x300.jpg\" alt=\"\" width=\"271\" height=\"300\" srcset=\"https:\/\/www.visionweb.com.ar\/wp-content\/uploads\/2022\/10\/cristian-ritondo-271x300.jpg 271w, https:\/\/www.visionweb.com.ar\/wp-content\/uploads\/2022\/10\/cristian-ritondo.bmp 494w\" sizes=\"auto, (max-width: 271px) 100vw, 271px\" \/>\u00a0\u00a0 L<\/strong>a<strong>\u00a0Junta Electoral\u00a0del\u00a0PRO bonaerense\u00a0oficializ\u00f3 <\/strong>este mi\u00e9rcoles a sus<strong> nuevas autoridades, que tendr\u00e1 al frente al diputado nacional\u00a0Cristian Ritondo. <\/strong><\/p>\n<p>De esta manera, <strong>Cristian Ritondo\u00a0<\/strong>asumi\u00f3 oficialmente este mi\u00e9rcoles como<strong>\u00a0titular del PRO<\/strong>\u00a0de la provincia de Buenos Aires, gracias al\u00a0<strong>aval\u00a0<\/strong>pol\u00edtico del expresidente\u00a0<strong>Mauricio Macri<\/strong>.<\/p>\n<p>El\u00a0PRO bonaerense\u00a0proclam\u00f3 la oficializaci\u00f3n de la \u00fanica lista que se present\u00f3 para la renovaci\u00f3n de autoridades partidarias, luego de anular a la competencia bullrichista, que defini\u00f3 que no participar\u00e1 del proceso electoral.<\/p>\n<p>En ese contexto,<strong> Ritondo <\/strong>asegur\u00f3 que buscar\u00e1 que el partido amarillo vuelva a \u201cser la principal opci\u00f3n de cambio\u201d.<\/p>\n<p>\u201cHoy asumimos la conducci\u00f3n del PRO en la Provincia de Buenos Aires. Con el apoyo de\u00a0<strong>N\u00e9stor Grindetti, Diego Santilli, Guillermo Montenegro\u00a0<\/strong>y muchos m\u00e1s, comenzamos una nueva etapa para recuperar la esencia del PRO\u201d, public\u00f3 el legislador en sus redes sociales.<\/p>\n<p>Y agreg\u00f3: \u201cVamos a reconstruir nuestro espacio y volver a ser la principal opci\u00f3n de cambio para tener una provincia normal. \u00a1Vamos por m\u00e1s!\u201d.<\/p>\n<p>Estos movimientos dentro del PRO son observados con tenci\u00f3n por el Gobierno, ya que\u00a0<strong>se trata del principal aliado pol\u00edtico de la Rosada<\/strong>, lo que genera\u00a0<strong>discusiones\u00a0<\/strong>internas sobre las condiciones y la forma de ese apoyo. <strong>(VW)<\/strong><\/p>\n","protected":false},"excerpt":{"rendered":"<p>La Junta Electoral del PRO bonaerense oficializ\u00f3 a las nuevas autoridades de cara a las elecciones partidarias.<\/p>\n","protected":false},"author":4,"featured_media":7833,"comment_status":"closed","ping_status":"closed","sticky":false,"template":"","format":"standard","meta":{"_monsterinsights_skip_tracking":false,"_monsterinsights_sitenote_active":false,"_monsterinsights_sitenote_note":"","_monsterinsights_sitenote_category":0,"footnotes":""},"categories":[4],"tags":[6322,3103],"class_list":["post-15038","post","type-post","status-publish","format-standard","has-post-thumbnail","hentry","category-politica","tag-pro-bonaerense","tag-ritondo"],"_links":{"self":[{"href":"https:\/\/www.visionweb.com.ar\/index.php?rest_route=\/wp\/v2\/posts\/15038","targetHints":{"allow":["GET"]}}],"collection":[{"href":"https:\/\/www.visionweb.com.ar\/index.php?rest_route=\/wp\/v2\/posts"}],"about":[{"href":"https:\/\/www.visionweb.com.ar\/index.php?rest_route=\/wp\/v2\/types\/post"}],"author":[{"embeddable":true,"href":"https:\/\/www.visionweb.com.ar\/index.php?rest_route=\/wp\/v2\/users\/4"}],"replies":[{"embeddable":true,"href":"https:\/\/www.visionweb.com.ar\/index.php?rest_route=%2Fwp%2Fv2%2Fcomments&post=15038"}],"version-history":[{"count":1,"href":"https:\/\/www.visionweb.com.ar\/index.php?rest_route=\/wp\/v2\/posts\/15038\/revisions"}],"predecessor-version":[{"id":15039,"href":"https:\/\/www.visionweb.com.ar\/index.php?rest_route=\/wp\/v2\/posts\/15038\/revisions\/15039"}],"wp:featuredmedia":[{"embeddable":true,"href":"https:\/\/www.visionweb.com.ar\/index.php?rest_route=\/wp\/v2\/media\/7833"}],"wp:attachment":[{"href":"https:\/\/www.visionweb.com.ar\/index.php?rest_route=%2Fwp%2Fv2%2Fmedia&parent=15038"}],"wp:term":[{"taxonomy":"category","embeddable":true,"href":"https:\/\/www.visionweb.com.ar\/index.php?rest_route=%2Fwp%2Fv2%2Fcategories&post=15038"},{"taxonomy":"post_tag","embeddable":true,"href":"https:\/\/www.visionweb.com.ar\/index.php?rest_route=%2Fwp%2Fv2%2Ftags&post=15038"}],"curies":[{"name":"wp","href":"https:\/\/api.w.org\/{rel}","templated":true}]}}