{"id":15036,"date":"2024-07-03T15:54:01","date_gmt":"2024-07-03T18:54:01","guid":{"rendered":"https:\/\/www.visionweb.com.ar\/?p=15036"},"modified":"2024-07-03T15:54:01","modified_gmt":"2024-07-03T18:54:01","slug":"el-gobernador-kicillof-impulsa-un-proyecto-para-crear-una-ley-de-gondolas-bonaerense","status":"publish","type":"post","link":"https:\/\/www.visionweb.com.ar\/?p=15036","title":{"rendered":"El gobernador Kicillof impulsa un proyecto para crear una Ley de G\u00f3ndolas bonaerense"},"content":{"rendered":"<p><em><strong>Lo envi\u00f3 a la Legislatura bonaerense. Busca fomentar la competencia en las g\u00f3ndolas a trav\u00e9s de la regulaci\u00f3n del mercado de consumo masivo y fortalecer a las\u00a0Peque\u00f1as y Medianas Empresas.<\/strong><\/em><!--more--><\/p>\n<p><strong>\u00a0 <img loading=\"lazy\" decoding=\"async\" class=\"size-medium wp-image-13509 alignright\" src=\"https:\/\/www.visionweb.com.ar\/wp-content\/uploads\/2024\/02\/Kicillof-gob-300x182.png\" alt=\"\" width=\"300\" height=\"182\" srcset=\"https:\/\/www.visionweb.com.ar\/wp-content\/uploads\/2024\/02\/Kicillof-gob-300x182.png 300w, https:\/\/www.visionweb.com.ar\/wp-content\/uploads\/2024\/02\/Kicillof-gob.png 539w\" sizes=\"auto, (max-width: 300px) 100vw, 300px\" \/>\u00a0\u00a0 E<\/strong>l\u00a0<strong>gobernador de la provincia de Buenos Aires<\/strong>,\u00a0<strong>Axel Kicillof<\/strong>, envi\u00f3 un proyecto a la\u00a0<strong>Legislatura bonaerense<\/strong>\u00a0que busca crear una\u00a0<strong>Ley de G\u00f3ndolas<\/strong>\u00a0para fortalecer a las\u00a0<strong>Peque\u00f1as y Medianas Empresas<\/strong>\u00a0(<strong>PyMEs<\/strong>) frente a la competencia de las grandes empresas, adem\u00e1s de amortiguar los efectos de la inflaci\u00f3n.<\/p>\n<p>De esta manera, la iniciativa de\u00a0<strong>Kicillof<\/strong>\u00a0que ingres\u00f3 al\u00a0<strong>Senado bonaerense<\/strong>\u00a0considera que \u201cen las \u00faltimas d\u00e9cadas se evidenci\u00f3 un proceso de concentraci\u00f3n de tipo oligop\u00f3lico\u201d en la producci\u00f3n y la venta en la\u00a0provincia de Buenos Aires, por lo que busca fomentar la competencia en las g\u00f3ndolas a trav\u00e9s de la regulaci\u00f3n del mercado de consumo masivo.<\/p>\n<p>El proyecto para crear una\u00a0<strong>Ley de G\u00f3ndolas en la provincia de Buenos Aires<\/strong>\u00a0busca\u00a0<strong>establecer reglas de exhibici\u00f3n de productos en g\u00f3ndolas f\u00edsicas y virtuales de supermercados para fomentar la equidad entre los productos elaborados por pymes bonaerenses y los de otras marcas.<\/strong><\/p>\n<p>Es decir,\u00a0<strong>deber\u00e1n ofrecerse un m\u00ednimo de proveedores de productos elaborados por pymes bonaerenses<\/strong>\u00a0en cada g\u00f3ndola, y adem\u00e1s deber\u00e1n se\u00f1alizar esos productos con el isologotipo de\u00a0<strong>\u201cProducci\u00f3n Bonaerense\u201d.<\/strong><\/p>\n<p>Adem\u00e1s, la ley contempla\u00a0<strong>\u201cl\u00edmites a los abusos de posici\u00f3n dominante\u201d<\/strong>, por lo que se elaborar\u00e1 un <strong>c\u00f3digo de buenas pr\u00e1cticas comerciales<\/strong> que ser\u00e1 de aplicaci\u00f3n obligatoria por los establecimientos que vendan los productos; mientras que se crear\u00e1 el Registro \u201cProducci\u00f3n Bonaerense\u201d para contar con una base de informaci\u00f3n detallada, sistem\u00e1tica y de peri\u00f3dica actualizaci\u00f3n de las PyMEs bonaerenses.<\/p>\n<p>\u201cEn las \u00faltimas d\u00e9cadas se ha evidenciado un proceso de concentraci\u00f3n de tipo oligop\u00f3lico donde<strong>\u00a0grupos reducidos de empresas imponen sus l\u00f3gicas econ\u00f3micas centradas en la maximizaci\u00f3n de sus ganancias<\/strong>, excluyendo a potenciales competidores y no respetando los derechos de consumidores\u201d, comienza el proyecto que ingres\u00f3 a la C\u00e1mara de Senadores ayer martes por la noche.<\/p>\n<p>A la vez resalta que: \u201cResulta necesario que\u00a0<strong>el Estado Provincial asuma la responsabilidad de defender el trabajo y progreso de las y los bonaerenses<\/strong>, restableciendo en. el orden local un r\u00e9gimen legal que hasta su derogaci\u00f3n ven\u00eda generando un beneficio a la econom\u00eda bonaerense, indispensable en el contexto actual\u201d.<\/p>\n<p>En ese sentido, seg\u00fan consta en el proyecto, la finalidad es\u00a0<strong>\u201cfomentar la competencia en g\u00f3ndolas bonaerenses, que tendr\u00e1 como objetivo la promoci\u00f3n y fortalecimiento de las Micro, Peque\u00f1as y Medianas Empresas de la provincia de Buenos Aires<\/strong>, potenciar su crecimiento y brindar un marco normativo que garantice la venta de los productos regionales mediante un sistema equitativo de comercializaci\u00f3n\u201d.<\/p>\n<p><strong>Los objetivos del proyecto:<\/strong><\/p>\n<p>-Fomentar la armon\u00eda y el equilibrio entre los operadores econ\u00f3micos alcanzados por la ley, con la finalidad de evitar que se realicen pr\u00e1cticas comerciales que distorsionen el mercado y la competencia de oferentes.<\/p>\n<p>-Contribuir a que el precio y la variedad de los alimentos, bebidas, productos de higiene personal y limpieza del hogar sea transparente y competitivo, en beneficio de los consumidores:<\/p>\n<p>-Promover el crecimiento y desarrollo de las micro, peque\u00f1as y medianas empresas de la provincia de Buenos Aires.<\/p>\n<p>-Proteger y propiciar la inclusi\u00f3n comercial de productores artesanales, regionales y de la agricultura familiar, en particular a las Peque\u00f1as Unidades Productivas de Alimentos Artesanales.<\/p>\n<p>-Consolidar la identidad bonaerense a trav\u00e9s de una mayor presencia de micro y peque\u00f1os proveedores en las g\u00f3ndolas de los diferentes canales de comercializaci\u00f3n<\/p>\n<p>En cuanto a los sujetos alcanzados, el proyecto detalla que\u00a0<strong>\u201cest\u00e1n obligados a dar cumplimiento a la presente ley todos aquellos establecimientos con asiento en la provincia de Buenos Aires, dedicados a la comercializaci\u00f3n mayorista y\/o minorista de alimentos<\/strong>, bebidas, productos de higiene personal y de limpieza del hogar\u201d.<\/p>\n<p>Los mismos deben estar en incluidos en las siguientes categor\u00edas: que pertenezca a una cadena comercial, cualquiera sea la superficie destinada a la comercializaci\u00f3n y que no pertenezca a una cadena comercial, pero cuente con una superficie destinada a comercializaci\u00f3n mayor a 300 m2 y\/o tenga 2 o m\u00e1s l\u00edneas de cajas\u201d.<\/p>\n<p>En tanto, se entender\u00e1 por\u00a0<strong>g\u00f3ndolas tanto las f\u00edsicas<\/strong>, relativas a todo espacio f\u00edsico, mueble, estanter\u00eda, soporte o similar, en los que se ofrecen productos para la venta, incluidos las puntas de g\u00f3ndola;\u00a0<strong>y las virtuales<\/strong>, es decir, toda locaci\u00f3n virtual de venta online, operada directa o indirectamente por los sujetos alcanzados, por ejemplo: p\u00e1gina web, aplicaci\u00f3n m\u00f3vil, tienda de comercio electr\u00f3nico o similares.<\/p>\n<p><strong>La Autoridad de Aplicaci\u00f3n ser\u00e1 el Ministerio de Producci\u00f3n, Ciencia e Innovaci\u00f3n Tecnol\u00f3gica, a cargo de Augusto Costa<\/strong>, al tiempo que se invita a los municipios a adherir a \u201clas disposiciones de la presente Ley, a los fines de fiscalizar el debido cumplimiento de la misma y contribuir con el procedimiento para la inscripci\u00f3n de proveedores en el Registro creado por el art\u00edculo 10 de la presente\u201d. <strong>(VW)<\/strong><\/p>\n","protected":false},"excerpt":{"rendered":"<p>Lo envi\u00f3 a la Legislatura bonaerense. Busca fomentar la competencia en las g\u00f3ndolas a trav\u00e9s de la regulaci\u00f3n del mercado de consumo masivo y fortalecer a las\u00a0Peque\u00f1as y Medianas Empresas.<\/p>\n","protected":false},"author":4,"featured_media":13509,"comment_status":"closed","ping_status":"closed","sticky":false,"template":"","format":"standard","meta":{"_monsterinsights_skip_tracking":false,"_monsterinsights_sitenote_active":false,"_monsterinsights_sitenote_note":"","_monsterinsights_sitenote_category":0,"footnotes":""},"categories":[6,4],"tags":[6321,5684,1953,3309],"class_list":["post-15036","post","type-post","status-publish","format-standard","has-post-thumbnail","hentry","category-economia","category-politica","tag-kicillok","tag-ley-de-gondolas-bonaerense","tag-proyecto","tag-senado-bonaerense"],"_links":{"self":[{"href":"https:\/\/www.visionweb.com.ar\/index.php?rest_route=\/wp\/v2\/posts\/15036","targetHints":{"allow":["GET"]}}],"collection":[{"href":"https:\/\/www.visionweb.com.ar\/index.php?rest_route=\/wp\/v2\/posts"}],"about":[{"href":"https:\/\/www.visionweb.com.ar\/index.php?rest_route=\/wp\/v2\/types\/post"}],"author":[{"embeddable":true,"href":"https:\/\/www.visionweb.com.ar\/index.php?rest_route=\/wp\/v2\/users\/4"}],"replies":[{"embeddable":true,"href":"https:\/\/www.visionweb.com.ar\/index.php?rest_route=%2Fwp%2Fv2%2Fcomments&post=15036"}],"version-history":[{"count":1,"href":"https:\/\/www.visionweb.com.ar\/index.php?rest_route=\/wp\/v2\/posts\/15036\/revisions"}],"predecessor-version":[{"id":15037,"href":"https:\/\/www.visionweb.com.ar\/index.php?rest_route=\/wp\/v2\/posts\/15036\/revisions\/15037"}],"wp:featuredmedia":[{"embeddable":true,"href":"https:\/\/www.visionweb.com.ar\/index.php?rest_route=\/wp\/v2\/media\/13509"}],"wp:attachment":[{"href":"https:\/\/www.visionweb.com.ar\/index.php?rest_route=%2Fwp%2Fv2%2Fmedia&parent=15036"}],"wp:term":[{"taxonomy":"category","embeddable":true,"href":"https:\/\/www.visionweb.com.ar\/index.php?rest_route=%2Fwp%2Fv2%2Fcategories&post=15036"},{"taxonomy":"post_tag","embeddable":true,"href":"https:\/\/www.visionweb.com.ar\/index.php?rest_route=%2Fwp%2Fv2%2Ftags&post=15036"}],"curies":[{"name":"wp","href":"https:\/\/api.w.org\/{rel}","templated":true}]}}