{"id":15028,"date":"2024-07-03T09:25:40","date_gmt":"2024-07-03T12:25:40","guid":{"rendered":"https:\/\/www.visionweb.com.ar\/?p=15028"},"modified":"2024-07-03T09:25:40","modified_gmt":"2024-07-03T12:25:40","slug":"el-gobernador-kicillof-cerrara-hoy-el-congreso-productivo-en-mar-del-plata","status":"publish","type":"post","link":"https:\/\/www.visionweb.com.ar\/?p=15028","title":{"rendered":"El gobernador Kicillof cerrar\u00e1 hoy el Congreso Productivo en Mar del Plata"},"content":{"rendered":"<p><strong><em>\u00a0El Congreso Productivo bonaerense re\u00fane sectores como representantes de empresas, cooperativas, c\u00e1maras, sindicatos, universidades, organismos p\u00fablicos provinciales y municipales, y la comunidad cient\u00edfica. Debates sobre desarrollo, industria y trabajo.<\/em><\/strong><!--more--><\/p>\n<p><strong>\u00a0 <img loading=\"lazy\" decoding=\"async\" class=\"size-medium wp-image-15029 alignright\" src=\"https:\/\/www.visionweb.com.ar\/wp-content\/uploads\/2024\/07\/congreso-poductivo-mdq-300x165.png\" alt=\"\" width=\"300\" height=\"165\" srcset=\"https:\/\/www.visionweb.com.ar\/wp-content\/uploads\/2024\/07\/congreso-poductivo-mdq-300x165.png 300w, https:\/\/www.visionweb.com.ar\/wp-content\/uploads\/2024\/07\/congreso-poductivo-mdq.png 496w\" sizes=\"auto, (max-width: 300px) 100vw, 300px\" \/>\u00a0\u00a0 E<\/strong>l\u00a0gobernador de la provincia de Buenos Aires,\u00a0<strong>Axel Kicillof<\/strong>, estar\u00e1 este mi\u00e9rcoles en el Hotel Provincial de\u00a0Mar del Plata\u00a0para disertar en el cierre del\u00a02\u00b0 Congreso Productivo bonaerense, evento del cual ya participaron varios de sus funcionarios.<\/p>\n<p>En ese orden,\u00a0Kicillof\u00a0tendr\u00e1 su intervenci\u00f3n a partir de las 15 horas en la segunda edici\u00f3n del\u00a0Congreso Productivo bonaerense, un espacio de debate sobre pol\u00edticas p\u00fablicas que convoca a <strong>representantes de empresas, cooperativas, c\u00e1maras, sindicatos, universidades, organismos p\u00fablicos provinciales, nacionales y municipales; comunidad cient\u00edfica y referentes pol\u00edticos<\/strong>.<\/p>\n<p>La actividad cuenta con la presencia de 130 panelistas y m\u00e1s de 2500 inscriptos.<\/p>\n<p><strong>La primera jornada en Mar del Plata:<\/strong><\/p>\n<p>El Congreso Productivo Bonaerense incluy\u00f3, entre las actividades de su primera jornada, un encuentro entre<strong> el ministro de Producci\u00f3n Augusto Costa, su par de Asuntos Agrarios, Javier Rodr\u00edguez y el titular de ARBA, Cristian Girard al que asistieron representantes de secretar\u00edas de Producci\u00f3n\u00a0de m\u00e1s de 100 municipios de la Provincia.<\/strong><\/p>\n<p>\u201cEstamos discutiendo tem\u00e1ticas centrales sobre desarrollo productivo para la Provincia en particular, pero tambi\u00e9n para todo el pa\u00eds; el objetivo es pensar, debatir, intercambiar ideas y llegar a conclusiones\u201d,\u00a0se\u00f1al\u00f3 el ministro de producci\u00f3n.<\/p>\n<p>Y agreg\u00f3: \u201cEl Congreso tiene una representatividad absoluta; para nosotros es un orgullo que nuestra convocatoria haya tenido una respuesta tan grande, estando en tiempos de crisis\u201d sostuvo.<\/p>\n<p>Por su parte<strong>, Javier Rodr\u00edguez <\/strong>destac\u00f3 la iniciativa y dijo que \u201cestos encuentros son fundamentales para pensar los<strong> desaf\u00edos que tenemos frente a un contexto nacional complicado, y construir junto al sector privado, el \u00e1mbito acad\u00e9mico y cient\u00edfico, pol\u00edticas p\u00fablicas para que la Provincia siga avanzando\u201d, <\/strong>agreg\u00f3 el jefe de la cartera agraria bonaerense.<\/p>\n<p>El Congreso Productivo Bonaerense\u00a0incluye m\u00e1s de 30 actividades y salas tem\u00e1ticas para debatir la transformaci\u00f3n de la Provincia.<\/p>\n<p><strong>El programa incluye paneles sobre Desarrollo productivo sustentable y sostenible (para debatir sobre energ\u00edas verdes, potencialidad minera, agroecolog\u00eda, transici\u00f3n ecol\u00f3gica, ordenamiento territorial y control ambiental, econom\u00eda circular),<\/strong><\/p>\n<p>Tambi\u00e9n sobre<strong> Desarrollo local (turismo, cooperativas, pymes, mercados concentradores, agricultura familiar, fomento exportador), Ciencia y tecnolog\u00eda Infraestructura para la producci\u00f3n, Sistema tributario y financiero Empleo y producci\u00f3n<\/strong><\/p>\n<p>Adem\u00e1s funciona un espacio institucional con stands para que diferentes organismos p\u00fablicos provinciales compartan sus pol\u00edticas p\u00fablicas y l\u00edneas de acci\u00f3n.<\/p>\n<p>En ese contexto,<strong> el intendente de Villa Gesell, Gustavo Barrera, <\/strong>se sum\u00f3 al pedido del turismo para que el gobierno nacional decrete al lunes 19 de agosto como feriado para proporcionar un nuevo fin de semana largo\u00a0que mejore la rentabilidad de uno de los sectores m\u00e1s golpeados por la recesi\u00f3n.<\/p>\n<p>\u201c<strong>Para nosotros los fines de semana largo significan trabajo. Por eso estamos pidiendo al Gobierno de la Naci\u00f3n que el pr\u00f3ximo feriado del s\u00e1bado 17 de agosto se pase al lunes 19 para poder tener un fin de semana largo\u201d,<\/strong>\u00a0afirm\u00f3 en representaci\u00f3n de los destinos tur\u00edsticos de todo el pa\u00eds.<\/p>\n<p>Barrera justific\u00f3 el pedido en la recesi\u00f3n que afecta al sector desde finales del a\u00f1o pasado, cuando la devaluaci\u00f3n y las medidas econ\u00f3micas implementadas por el nuevo Gobierno \u201cprofundizaron la crisis y provocaron una ca\u00edda en la cantidad de turistas as\u00ed como en el consumo\u201d.<\/p>\n<p><strong>\u201cEn Villa Gesell, recibimos 300.000 turistas menos en la \u00faltima temporada\u201d,<\/strong>\u00a0detall\u00f3 el jefe comunal y argument\u00f3 que \u201cel turismo es clave para generar empleo y motorizar nuestras econom\u00edas\u201d, en relaci\u00f3n a la necesidad de establecer el fin de semana largo dijo Gustavo Barrera. <strong>(VW)<\/strong><\/p>\n","protected":false},"excerpt":{"rendered":"<p>\u00a0El Congreso Productivo bonaerense re\u00fane sectores como representantes de empresas, cooperativas, c\u00e1maras, sindicatos, universidades, organismos p\u00fablicos provinciales y municipales, y la comunidad cient\u00edfica. Debates sobre desarrollo, industria y trabajo.<\/p>\n","protected":false},"author":4,"featured_media":15029,"comment_status":"closed","ping_status":"closed","sticky":false,"template":"","format":"standard","meta":{"_monsterinsights_skip_tracking":false,"_monsterinsights_sitenote_active":false,"_monsterinsights_sitenote_note":"","_monsterinsights_sitenote_category":0,"footnotes":""},"categories":[4],"tags":[6313,6314,167,247],"class_list":["post-15028","post","type-post","status-publish","format-standard","has-post-thumbnail","hentry","category-politica","tag-congreso-productivo","tag-desarrollo-productivo","tag-kicillof","tag-mar-del-plata"],"_links":{"self":[{"href":"https:\/\/www.visionweb.com.ar\/index.php?rest_route=\/wp\/v2\/posts\/15028","targetHints":{"allow":["GET"]}}],"collection":[{"href":"https:\/\/www.visionweb.com.ar\/index.php?rest_route=\/wp\/v2\/posts"}],"about":[{"href":"https:\/\/www.visionweb.com.ar\/index.php?rest_route=\/wp\/v2\/types\/post"}],"author":[{"embeddable":true,"href":"https:\/\/www.visionweb.com.ar\/index.php?rest_route=\/wp\/v2\/users\/4"}],"replies":[{"embeddable":true,"href":"https:\/\/www.visionweb.com.ar\/index.php?rest_route=%2Fwp%2Fv2%2Fcomments&post=15028"}],"version-history":[{"count":1,"href":"https:\/\/www.visionweb.com.ar\/index.php?rest_route=\/wp\/v2\/posts\/15028\/revisions"}],"predecessor-version":[{"id":15030,"href":"https:\/\/www.visionweb.com.ar\/index.php?rest_route=\/wp\/v2\/posts\/15028\/revisions\/15030"}],"wp:featuredmedia":[{"embeddable":true,"href":"https:\/\/www.visionweb.com.ar\/index.php?rest_route=\/wp\/v2\/media\/15029"}],"wp:attachment":[{"href":"https:\/\/www.visionweb.com.ar\/index.php?rest_route=%2Fwp%2Fv2%2Fmedia&parent=15028"}],"wp:term":[{"taxonomy":"category","embeddable":true,"href":"https:\/\/www.visionweb.com.ar\/index.php?rest_route=%2Fwp%2Fv2%2Fcategories&post=15028"},{"taxonomy":"post_tag","embeddable":true,"href":"https:\/\/www.visionweb.com.ar\/index.php?rest_route=%2Fwp%2Fv2%2Ftags&post=15028"}],"curies":[{"name":"wp","href":"https:\/\/api.w.org\/{rel}","templated":true}]}}