{"id":15022,"date":"2024-07-02T14:23:39","date_gmt":"2024-07-02T17:23:39","guid":{"rendered":"https:\/\/www.visionweb.com.ar\/?p=15022"},"modified":"2024-07-02T14:23:39","modified_gmt":"2024-07-02T17:23:39","slug":"demoras-en-aeroparque-y-ezeiza","status":"publish","type":"post","link":"https:\/\/www.visionweb.com.ar\/?p=15022","title":{"rendered":"Demoras en Aeroparque y Ezeiza"},"content":{"rendered":"<p><em><strong>Son por asambleas de gremios aeron\u00e1uticos y una huelga de Intercargo. Trabajan a reglamento. Las demoras podr\u00edan expenderse hasta el 7 de julio.<\/strong><\/em><!--more--><\/p>\n<p><strong>\u00a0\u00a0 <img loading=\"lazy\" decoding=\"async\" class=\"size-medium wp-image-9560 alignright\" src=\"https:\/\/www.visionweb.com.ar\/wp-content\/uploads\/2023\/02\/aeropuerto-300x145.jpg\" alt=\"\" width=\"300\" height=\"145\" srcset=\"https:\/\/www.visionweb.com.ar\/wp-content\/uploads\/2023\/02\/aeropuerto-300x145.jpg 300w, https:\/\/www.visionweb.com.ar\/wp-content\/uploads\/2023\/02\/aeropuerto.bmp 473w\" sizes=\"auto, (max-width: 300px) 100vw, 300px\" \/>\u00a0 V<\/strong>arias asambleas inesperadas de los trabajadores de la <strong>Asociaci\u00f3n de Pilotos de L\u00edneas A\u00e9reas<\/strong> (APLA) sorprendieron este martes por la ma\u00f1ana en Ezeiza y el Aeroparque porte\u00f1o, por lo que hubo demoras.<\/p>\n<p>Se sumaron a la sorpresiva medida otros gremios como la Asociaci\u00f3n del Personal Aeron\u00e1utico (APA) y Uni\u00f3n del Personal Superior y Profesional de Empresas Aerocomerciales (UPSA).<\/p>\n<p>Esta decisi\u00f3n de los trabajadores a\u00e9reos, que se extender\u00e1 hasta el 7 de julio, provoc\u00f3 demoras, desv\u00edos y cancelaciones en las estaciones a\u00e9reas y luego se replic\u00f3 en los distintos aeropuertos del pa\u00eds.<\/p>\n<p>Las asambleas se llevan adelante para mostrar el descontento por la <strong>posible privatizaci\u00f3n de Aerol\u00edneas Argentinas<\/strong> y por la cantidad de <strong>despidos <\/strong>que se registraron en los \u00faltimos meses.<\/p>\n<p>As\u00ed, los empleados se encuentran <strong>trabajando \u201ca reglamento\u201d<\/strong>, es decir, que las actividades se ajustan estrictamente al plan de vuelo, lo que puede generar demoras en las salidas y llegadas y cancelaciones.<\/p>\n<p>Intercargo:<\/p>\n<p>Por su parte, trabajadores de <strong>Intercargo<\/strong>, quienes prestan <strong>servicio de rampa<\/strong> a casi todas las compa\u00f1\u00edas a\u00e9reas, con excepci\u00f3n de Aerol\u00edneas Argentinas, American Airlines y Flybondi, <strong>tambi\u00e9n realizan medidas de fuerza.<\/strong><\/p>\n<p>Si bien Aerol\u00edneas Argentinas, como destacaron fuentes de la empresa, se halla operando normalmente, <strong>Flybondi confirm\u00f3 que la huelga de Intercargo afecta su servicio<\/strong>.<\/p>\n<p>En redes sociales, la compa\u00f1\u00eda low cost afirm\u00f3: \u201cTrabajadores de la empresa Intercargo realizan una medida de fuerza gremial que afecta nuestro servicio. Por ese motivo nos vimos obligados a modificar los aeropuertos de salida y arribo de algunos de nuestros vuelos\u201d.<\/p>\n<p>\u201cLamentamos las molestias ocasionadas por esta medida que se toma de manera sorpresiva y sin la m\u00e1s m\u00ednima consideraci\u00f3n hacia el pasajero\u201d, concluyeron. <strong>(VW)<\/strong><\/p>\n","protected":false},"excerpt":{"rendered":"<p>Son por asambleas de gremios aeron\u00e1uticos y una huelga de Intercargo. Trabajan a reglamento. Las demoras podr\u00edan expenderse hasta el 7 de julio.<\/p>\n","protected":false},"author":4,"featured_media":9560,"comment_status":"closed","ping_status":"closed","sticky":false,"template":"","format":"standard","meta":{"_monsterinsights_skip_tracking":false,"_monsterinsights_sitenote_active":false,"_monsterinsights_sitenote_note":"","_monsterinsights_sitenote_category":0,"footnotes":""},"categories":[8,4],"tags":[6305,6306,6307,6308,534],"class_list":["post-15022","post","type-post","status-publish","format-standard","has-post-thumbnail","hentry","category-interes-general","category-politica","tag-aereos","tag-demoras","tag-intercargo","tag-trabajo-a-reglamento","tag-vuelos"],"_links":{"self":[{"href":"https:\/\/www.visionweb.com.ar\/index.php?rest_route=\/wp\/v2\/posts\/15022","targetHints":{"allow":["GET"]}}],"collection":[{"href":"https:\/\/www.visionweb.com.ar\/index.php?rest_route=\/wp\/v2\/posts"}],"about":[{"href":"https:\/\/www.visionweb.com.ar\/index.php?rest_route=\/wp\/v2\/types\/post"}],"author":[{"embeddable":true,"href":"https:\/\/www.visionweb.com.ar\/index.php?rest_route=\/wp\/v2\/users\/4"}],"replies":[{"embeddable":true,"href":"https:\/\/www.visionweb.com.ar\/index.php?rest_route=%2Fwp%2Fv2%2Fcomments&post=15022"}],"version-history":[{"count":1,"href":"https:\/\/www.visionweb.com.ar\/index.php?rest_route=\/wp\/v2\/posts\/15022\/revisions"}],"predecessor-version":[{"id":15023,"href":"https:\/\/www.visionweb.com.ar\/index.php?rest_route=\/wp\/v2\/posts\/15022\/revisions\/15023"}],"wp:featuredmedia":[{"embeddable":true,"href":"https:\/\/www.visionweb.com.ar\/index.php?rest_route=\/wp\/v2\/media\/9560"}],"wp:attachment":[{"href":"https:\/\/www.visionweb.com.ar\/index.php?rest_route=%2Fwp%2Fv2%2Fmedia&parent=15022"}],"wp:term":[{"taxonomy":"category","embeddable":true,"href":"https:\/\/www.visionweb.com.ar\/index.php?rest_route=%2Fwp%2Fv2%2Fcategories&post=15022"},{"taxonomy":"post_tag","embeddable":true,"href":"https:\/\/www.visionweb.com.ar\/index.php?rest_route=%2Fwp%2Fv2%2Ftags&post=15022"}],"curies":[{"name":"wp","href":"https:\/\/api.w.org\/{rel}","templated":true}]}}