{"id":15020,"date":"2024-07-02T14:09:37","date_gmt":"2024-07-02T17:09:37","guid":{"rendered":"https:\/\/www.visionweb.com.ar\/?p=15020"},"modified":"2024-07-02T14:09:37","modified_gmt":"2024-07-02T17:09:37","slug":"medicamentos-oncologicos-la-provincia-se-hara-cargo-de-la-cobertura","status":"publish","type":"post","link":"https:\/\/www.visionweb.com.ar\/?p=15020","title":{"rendered":"Medicamentos oncol\u00f3gicos: La Provincia se har\u00e1 cargo de la cobertura"},"content":{"rendered":"<p><em><strong>Luego que Naci\u00f3n dej\u00f3 de cubrir medicamentos, la Provincia ampl\u00eda el presupuesto con una inversi\u00f3n de 12.000 millones de pesos para drogas oncol\u00f3gicas.<\/strong><\/em><!--more--><\/p>\n<p><strong>\u00a0\u00a0 <img loading=\"lazy\" decoding=\"async\" class=\"size-medium wp-image-5423 alignright\" src=\"https:\/\/www.visionweb.com.ar\/wp-content\/uploads\/2022\/04\/MEDICAMENTOS-300x137.png\" alt=\"\" width=\"300\" height=\"137\" srcset=\"https:\/\/www.visionweb.com.ar\/wp-content\/uploads\/2022\/04\/MEDICAMENTOS-300x137.png 300w, https:\/\/www.visionweb.com.ar\/wp-content\/uploads\/2022\/04\/MEDICAMENTOS.png 640w\" sizes=\"auto, (max-width: 300px) 100vw, 300px\" \/>\u00a0 E<\/strong>l\u00a0<strong>Gobierno de Axel Kicillof<\/strong>\u00a0decidi\u00f3 ampliar el\u00a0<strong>Vadem\u00e9cum de drogas oncol\u00f3gicas<\/strong>\u00a0de alto costo de 152 a 162 principios activos en sus diferentes presentaciones, para garantizar as\u00ed el 98% de las solicitudes realizadas.<\/p>\n<p>La decisi\u00f3n se da en medio de los recortes que aplic\u00f3 la administraci\u00f3n nacional en ese sector y, seg\u00fan la Provincia, l<strong>a inversi\u00f3n para ampliar la cobertura ser\u00e1 de 12.000 millones de pesos<\/strong>, que se suman al presupuesto asignado a c\u00e1ncer.<\/p>\n<p>Seg\u00fan el Gobierno bonaerense,\u00a0<strong>esta inversi\u00f3n significar\u00e1 una disminuci\u00f3n anual de las derivaciones a Naci\u00f3n del 43% y un aumento en la cobertura del Instituto Provincial del C\u00e1ncer (IPC) del 10%<\/strong>, alcanzando de este modo al 90% de las personas con cobertura p\u00fablica exclusiva que requieren medicaci\u00f3n oncol\u00f3gica en el territorio.<\/p>\n<p>\u201cEstas incorporaciones podr\u00e1n ser solicitadas por beneficiarios\/as del <strong>Programa Federal de Incluir Salud <\/strong>quienes actualmente encuentran dificultades para la tramitaci\u00f3n a trav\u00e9s del mencionado programa nacional y tampoco son contemplados en los circuitos de derivaci\u00f3n a Naci\u00f3n\u201d, se inform\u00f3.<\/p>\n<p>De esta manera, con los medicamentos incorporados se garantiza m\u00e1s y mejor acceso a los tratamientos de personas que cursan una patolog\u00eda oncol\u00f3gica.<\/p>\n<p>Medicamentos incorporados que estar\u00e1n disponibles a partir de julio:<\/p>\n<ul>\n<li>NIVOLUMAB 40mg<\/li>\n<li>NIVOLUMAB 100mg<\/li>\n<li>PALBOCICLIB 75mg<\/li>\n<li>PALBOCICLIB 100mg<\/li>\n<li>PALBOCICLIB 125mg<\/li>\n<li>PEMBROLIZUMAB 100mg<\/li>\n<li>RIBOCICLIB 200mg<\/li>\n<li>TRASTUZUMAB EMTANSINE 100mg<\/li>\n<li>TRASTUZUMAB EMTANSINE 160mg<\/li>\n<li>TRIOXIDO DE ARSENICO 10mg<\/li>\n<\/ul>\n<p>Cabe recordar que en los \u00faltimos meses, al menos siete personas fallecieron a la espera de la medicaci\u00f3n que los manten\u00eda con vida.<\/p>\n<p>Mientras las autoridades nacionales conformaron un recorte de 140.000 millones de pesos en el \u00e1rea de salud, con el fin del programa de asistencia para pacientes con c\u00e1ncer. <strong>(VW)<\/strong><\/p>\n","protected":false},"excerpt":{"rendered":"<p>Luego que Naci\u00f3n dej\u00f3 de cubrir medicamentos, la Provincia ampl\u00eda el presupuesto con una inversi\u00f3n de 12.000 millones de pesos para drogas oncol\u00f3gicas.<\/p>\n","protected":false},"author":4,"featured_media":5423,"comment_status":"closed","ping_status":"closed","sticky":false,"template":"","format":"standard","meta":{"_monsterinsights_skip_tracking":false,"_monsterinsights_sitenote_active":false,"_monsterinsights_sitenote_note":"","_monsterinsights_sitenote_category":0,"footnotes":""},"categories":[4,5],"tags":[997,167,6304,356],"class_list":["post-15020","post","type-post","status-publish","format-standard","has-post-thumbnail","hentry","category-politica","category-sociedad","tag-cobertura","tag-kicillof","tag-medicamentosoncologicos","tag-provincia"],"_links":{"self":[{"href":"https:\/\/www.visionweb.com.ar\/index.php?rest_route=\/wp\/v2\/posts\/15020","targetHints":{"allow":["GET"]}}],"collection":[{"href":"https:\/\/www.visionweb.com.ar\/index.php?rest_route=\/wp\/v2\/posts"}],"about":[{"href":"https:\/\/www.visionweb.com.ar\/index.php?rest_route=\/wp\/v2\/types\/post"}],"author":[{"embeddable":true,"href":"https:\/\/www.visionweb.com.ar\/index.php?rest_route=\/wp\/v2\/users\/4"}],"replies":[{"embeddable":true,"href":"https:\/\/www.visionweb.com.ar\/index.php?rest_route=%2Fwp%2Fv2%2Fcomments&post=15020"}],"version-history":[{"count":1,"href":"https:\/\/www.visionweb.com.ar\/index.php?rest_route=\/wp\/v2\/posts\/15020\/revisions"}],"predecessor-version":[{"id":15021,"href":"https:\/\/www.visionweb.com.ar\/index.php?rest_route=\/wp\/v2\/posts\/15020\/revisions\/15021"}],"wp:featuredmedia":[{"embeddable":true,"href":"https:\/\/www.visionweb.com.ar\/index.php?rest_route=\/wp\/v2\/media\/5423"}],"wp:attachment":[{"href":"https:\/\/www.visionweb.com.ar\/index.php?rest_route=%2Fwp%2Fv2%2Fmedia&parent=15020"}],"wp:term":[{"taxonomy":"category","embeddable":true,"href":"https:\/\/www.visionweb.com.ar\/index.php?rest_route=%2Fwp%2Fv2%2Fcategories&post=15020"},{"taxonomy":"post_tag","embeddable":true,"href":"https:\/\/www.visionweb.com.ar\/index.php?rest_route=%2Fwp%2Fv2%2Ftags&post=15020"}],"curies":[{"name":"wp","href":"https:\/\/api.w.org\/{rel}","templated":true}]}}