{"id":15015,"date":"2024-07-01T11:21:49","date_gmt":"2024-07-01T14:21:49","guid":{"rendered":"https:\/\/www.visionweb.com.ar\/?p=15015"},"modified":"2024-07-01T11:21:49","modified_gmt":"2024-07-01T14:21:49","slug":"provincia-proyecto-en-el-senado-para-eximir-a-jubilados-del-pago-de-la-vtv","status":"publish","type":"post","link":"https:\/\/www.visionweb.com.ar\/?p=15015","title":{"rendered":"Provincia: Proyecto en el Senado para eximir a jubilados del pago de la VTV"},"content":{"rendered":"<p><em><strong>El senador bonaerense radical Ariel Bordaisco elev\u00f3 un proyecto para que los jubilados y pensionados mayores de 65 a\u00f1os no paguen la VTV.<\/strong><\/em><!--more--><\/p>\n<p><strong><img loading=\"lazy\" decoding=\"async\" class=\"size-full wp-image-3724 alignright\" src=\"https:\/\/www.visionweb.com.ar\/wp-content\/uploads\/2021\/12\/vtv.bmp\" alt=\"\" width=\"572\" height=\"295\" \/>\u00a0\u00a0 E<\/strong>l senador bonaerense del bloque UCR + Cambio Federal,\u00a0<strong>Ariel<\/strong>\u00a0<strong>Bordaisco<\/strong>, present\u00f3 un proyecto para que el Gobierno de la provincia de Buenos Aires\u00a0<strong>exima del pago de la Verificaci\u00f3n T\u00e9cnica Vehicular (VTV) a los jubilados y pensionados\u00a0<\/strong>mayores de <strong>65 a\u00f1os que perciban hasta dos haberes m\u00ednimos jubilatorios<\/strong>.<\/p>\n<p>Para argumentar su iniciativa, el senador\u00a0<strong>Bordaisco\u00a0<\/strong>record\u00f3 que el<strong>\u00a0Ministerio de Transporte,<\/strong>\u00a0\u00f3rgano que controla todo lo referido a la\u00a0<strong>VTV<\/strong>, ya realiza la verificaci\u00f3n de forma gratuita a los veh\u00edculos pertenecientes a los Gobiernos municipales, a personas discapacitadas y a bomberos voluntarios.<\/p>\n<p>Asimismo, el legislador radical mencion\u00f3 que actualmente la\u00a0<strong>VTV\u00a0<\/strong>tiene un costo de\u00a0<strong>$34.531,17<\/strong>, por lo que consider\u00f3 que ese monto \u201c<strong>afecta especialmente al grupo vulnerable de los jubilados<\/strong>\u201d que reciben una magra jubilaci\u00f3n m\u00ednima de $206.931,10. En ese sentido,\u00a0<strong>la Verificaci\u00f3n T\u00e9cnica Vehicular significar\u00eda cerca de un octavo de su sueldo<\/strong>.<\/p>\n<p>\u201c<strong>Las personas que viven en el interior del distrito deben trasladarse a la cabecera del mismo o incluso a otro distrito para realizar la inspecci\u00f3n si su vencimiento es inminente<\/strong>. Esto conlleva gastos adicionales de transporte, el costo de la verificaci\u00f3n\u201d, sum\u00f3\u00a0<strong>Bordaisco<\/strong>\u00a0sobre su proyecto para\u00a0<strong>eximir a los jubulados del pago de la VTV<\/strong>.<\/p>\n<p>Este proyecto llega horas despu\u00e9s de que\u00a0<strong>Bordaisco\u00a0<\/strong>haya cruzado al ministro de Transporte de la provincia de Buenos Aires,\u00a0<strong>Jorge D\u2019Onofrio<\/strong>, por el mal funcionamiento de la\u00a0<strong>VTV<\/strong>.<\/p>\n<p>\u201c<strong>No s\u00f3lo por el costo econ\u00f3mico, sino tambi\u00e9n resaltando que en su momento le propusimos cambiarlo por un sistema descentralizado que decidieron no utilizar<\/strong>\u201d, record\u00f3 el senador del\u00a0<strong>bloque UCR + Cambio Federal<\/strong>.<\/p>\n<p>A trav\u00e9s de proyectos presentados en el\u00a0<strong>Senado bonaerense<\/strong>,\u00a0<strong>Bordaisco\u00a0<\/strong>remarc\u00f3 la necesidad de descentralizar los lugares de expendio de la\u00a0<strong>VTV\u00a0<\/strong>en la\u00a0<strong>provincia de Buenos Aires<\/strong>, uno de los puntos centrales de su iniciativa que tiene como objetivo \u201cdarle eficiencia y celeridad al requisito obligatorio del control del estado mec\u00e1nico de los automotores\u201d.<\/p>\n<p>Con su propuesta parlamentaria,\u00a0el senador sostiene que \u201c<strong>Cualquier taller que cumpla con los requisitos que impone la ley vigente deber\u00eda poder otorgar la VTV; no hay ninguna raz\u00f3n para reducir el sistema a unas pocas bocas de verificaci\u00f3n<\/strong>\u201d, puntualiz\u00f3. <strong>(VW)<\/strong><\/p>\n<p>&nbsp;<\/p>\n","protected":false},"excerpt":{"rendered":"<p>El senador bonaerense radical Ariel Bordaisco elev\u00f3 un proyecto para que los jubilados y pensionados mayores de 65 a\u00f1os no paguen la VTV.<\/p>\n","protected":false},"author":4,"featured_media":3724,"comment_status":"closed","ping_status":"closed","sticky":false,"template":"","format":"standard","meta":{"_monsterinsights_skip_tracking":false,"_monsterinsights_sitenote_active":false,"_monsterinsights_sitenote_note":"","_monsterinsights_sitenote_category":0,"footnotes":""},"categories":[6,4,5],"tags":[6303,6302,6301,3309],"class_list":["post-15015","post","type-post","status-publish","format-standard","has-post-thumbnail","hentry","category-economia","category-politica","category-sociedad","tag-ariel-bordaisco","tag-eximir-a-jubilados-del-pago","tag-proyecto-vtv","tag-senado-bonaerense"],"_links":{"self":[{"href":"https:\/\/www.visionweb.com.ar\/index.php?rest_route=\/wp\/v2\/posts\/15015","targetHints":{"allow":["GET"]}}],"collection":[{"href":"https:\/\/www.visionweb.com.ar\/index.php?rest_route=\/wp\/v2\/posts"}],"about":[{"href":"https:\/\/www.visionweb.com.ar\/index.php?rest_route=\/wp\/v2\/types\/post"}],"author":[{"embeddable":true,"href":"https:\/\/www.visionweb.com.ar\/index.php?rest_route=\/wp\/v2\/users\/4"}],"replies":[{"embeddable":true,"href":"https:\/\/www.visionweb.com.ar\/index.php?rest_route=%2Fwp%2Fv2%2Fcomments&post=15015"}],"version-history":[{"count":1,"href":"https:\/\/www.visionweb.com.ar\/index.php?rest_route=\/wp\/v2\/posts\/15015\/revisions"}],"predecessor-version":[{"id":15016,"href":"https:\/\/www.visionweb.com.ar\/index.php?rest_route=\/wp\/v2\/posts\/15015\/revisions\/15016"}],"wp:featuredmedia":[{"embeddable":true,"href":"https:\/\/www.visionweb.com.ar\/index.php?rest_route=\/wp\/v2\/media\/3724"}],"wp:attachment":[{"href":"https:\/\/www.visionweb.com.ar\/index.php?rest_route=%2Fwp%2Fv2%2Fmedia&parent=15015"}],"wp:term":[{"taxonomy":"category","embeddable":true,"href":"https:\/\/www.visionweb.com.ar\/index.php?rest_route=%2Fwp%2Fv2%2Fcategories&post=15015"},{"taxonomy":"post_tag","embeddable":true,"href":"https:\/\/www.visionweb.com.ar\/index.php?rest_route=%2Fwp%2Fv2%2Ftags&post=15015"}],"curies":[{"name":"wp","href":"https:\/\/api.w.org\/{rel}","templated":true}]}}