{"id":15009,"date":"2024-07-01T10:45:04","date_gmt":"2024-07-01T13:45:04","guid":{"rendered":"https:\/\/www.visionweb.com.ar\/?p=15009"},"modified":"2024-07-01T10:45:04","modified_gmt":"2024-07-01T13:45:04","slug":"protestas-y-marchas-por-masivos-despidos-en-el-estado","status":"publish","type":"post","link":"https:\/\/www.visionweb.com.ar\/?p=15009","title":{"rendered":"Protestas y marchas por masivos despidos en el Estado"},"content":{"rendered":"<p><em><strong>Hoy hay protestas y movilizaciones en \u00e1reas del sector p\u00fablico, luego de los nuevos despidos de trabajadores estatales.<\/strong><\/em><!--more--><\/p>\n<p><strong> <img loading=\"lazy\" decoding=\"async\" class=\"size-medium wp-image-15010 alignright\" src=\"https:\/\/www.visionweb.com.ar\/wp-content\/uploads\/2024\/07\/Despidos-300x209.png\" alt=\"\" width=\"300\" height=\"209\" srcset=\"https:\/\/www.visionweb.com.ar\/wp-content\/uploads\/2024\/07\/Despidos-300x209.png 300w, https:\/\/www.visionweb.com.ar\/wp-content\/uploads\/2024\/07\/Despidos.png 495w\" sizes=\"auto, (max-width: 300px) 100vw, 300px\" \/>\u00a0 E<\/strong>ste lunes 1 de julio estar\u00e1 signado por protestas y movilizaciones en todas las \u00e1reas del sector p\u00fablico, debido a los despidos de\u00a0<strong>trabajadores estatales<\/strong>\u00a0que <strong>se efectivizaron desde el viernes pasado <\/strong>en diferentes oficinas, por parte del\u00a0<strong>Gobierno nacional<\/strong>.<\/p>\n<p>En ese sentido, el secretario general de ATE, Rodolfo Aguiar, precis\u00f3 que\u00a0<strong>hasta el domingo se contabilizaban 2.300 despidos en distintos organismos del Estado<\/strong>.<\/p>\n<p><strong>\u201cDesde ATE ya contamos con 2.305 despidos durante el fin de semana\u201d<\/strong>, denunci\u00f3 el dirigente gremial de la Asociaci\u00f3n de Trabajadores del Estado.<\/p>\n<p>Entre los organismos afectados aparecen el\u00a0<strong>INTI<\/strong>, donde esta ma\u00f1ana se registraba una protesta de trabajadores frente a un desmedido operativo de la Polic\u00eda de la Ciudad de Buenos Aires.<\/p>\n<p><strong>Tambi\u00e9n hay despidos en el ya eliminado Ministerio de la Mujer, el Incaa, Senasa y en \u00e1reas vinculadas a los Derechos Humanos.<\/strong><\/p>\n<p>\u201cEnfrentamos un plan sistem\u00e1tico para destruir el Estado en el que los nuevos desaparecidos son los trabajadores despedidos. Ellos y sus familias est\u00e1n siendo condenados a una muerte civil\u201d, se\u00f1al\u00f3 el dirigente, presente en la sede del INTI.<\/p>\n<p>Advirti\u00f3 que\u00a0<strong>\u201cel empleo p\u00fablico est\u00e1 estrechamente ligado a los derechos sociales, econ\u00f3micos y culturales que los Estados tienen que garantizar a trav\u00e9s de sus pol\u00edticas p\u00fablicas\u201d<\/strong>. \u201cCada vez que en la administraci\u00f3n p\u00fablica se destruye un puesto de empleo, hay una pol\u00edtica p\u00fablica que se desmantela y un derecho que se pierde\u201d, apunt\u00f3.<\/p>\n<p>\u201c<strong>Si bien, hasta el momento ya se registraron 2.305 despidos en todo el pa\u00eds desde el viernes 28 de junio, a\u00fan falta reunir informaci\u00f3n de algunas provincias y organismos<\/strong>, adem\u00e1s de las notificaciones que podr\u00edan llegar durante las primeras horas del lunes, por lo que el n\u00famero podr\u00eda aumentar en las pr\u00f3ximas horas\u201d, destac\u00f3 el secretario de\u00a0<strong>ATE<\/strong>.<\/p>\n<p>En esta l\u00ednea,\u00a0<strong>Aguar\u00a0<\/strong>indic\u00f3 que el n\u00famero exacto de\u00a0<strong>trabajadores estatales<\/strong>\u00a0que fueron desafectadas de sus labores en dependencias del\u00a0<strong>Estado\u00a0<\/strong>ser\u00e1 dado a conocer en la jornada de este lunes, pero anticip\u00f3 que la subsecretar\u00eda contra la\u00a0<strong>violencia de g\u00e9nero<\/strong>\u00a0fue la que m\u00e1s afectada se vio, dado que el 80% fue \u201ccesanteado\u201d.<\/p>\n<p>Vale recordar que, no se trata de la primera tanda de despidos de\u00a0<strong>trabajadores estatales<\/strong>\u00a0que realiza la gesti\u00f3n de\u00a0<strong>Milei<\/strong>, hasta el momento los n\u00fameros indican que el\u00a0<strong>Gobierno\u00a0<\/strong>ya ech\u00f3 a 18.019 contratados en los primeros seis meses de gesti\u00f3n y redujo su planta, que pas\u00f3 de 72.000 a 53.981 empleados.<\/p>\n<p>Por caso, el\u00a0<strong>Ministerio de Capital Humano<\/strong>\u00a0que conduce\u00a0<strong>Sandra Pettovello\u00a0<\/strong>y que incluye las secretar\u00edas de\u00a0<strong>Trabajo<\/strong>,\u00a0<strong>Educaci\u00f3n<\/strong>,\u00a0<strong>Cultura\u00a0<\/strong>y\u00a0<strong>Ni\u00f1ez y Familia<\/strong>, fue la cartera que m\u00e1s contratos dio de baja con alrededor <strong>de 4.930<\/strong>\u00a0<strong>trabajadores estatales\u00a0<\/strong>despedidos. El segundo es el de\u00a0<strong>Econom\u00eda\u00a0<\/strong>con\u00a0<strong>Luis Caputo\u00a0<\/strong>a la cabeza que <strong>desvincul\u00f3 a 3.195 empleados<\/strong>, y est\u00e1 compuesto por 15 secretar\u00edas.<\/p>\n<p>Por su parte, el ex\u00a0<strong>Ministerio de Mujeres, G\u00e9neros y Diversidad<\/strong>\u00a0qued\u00f3 en manos de la cartera de\u00a0<strong>Justicia\u00a0<\/strong>que conduce\u00a0<strong>Mariano C\u00faneo Libarona<\/strong>, luego de un acuerdo realizado con\u00a0<strong>Pettovello\u00a0<\/strong>el pasado 24 marzo, que anticip\u00f3 que habr\u00e1 una tercera etapa de despidos en los pr\u00f3ximos meses. <strong>(VW)<\/strong><\/p>\n","protected":false},"excerpt":{"rendered":"<p>Hoy hay protestas y movilizaciones en \u00e1reas del sector p\u00fablico, luego de los nuevos despidos de trabajadores estatales.<\/p>\n","protected":false},"author":4,"featured_media":15010,"comment_status":"closed","ping_status":"closed","sticky":false,"template":"","format":"standard","meta":{"_monsterinsights_skip_tracking":false,"_monsterinsights_sitenote_active":false,"_monsterinsights_sitenote_note":"","_monsterinsights_sitenote_category":0,"footnotes":""},"categories":[4,5],"tags":[2719,6299,445,6300],"class_list":["post-15009","post","type-post","status-publish","format-standard","has-post-thumbnail","hentry","category-politica","category-sociedad","tag-ate","tag-despidos-en-el-estado","tag-gobierno","tag-protestas-por-despidos"],"_links":{"self":[{"href":"https:\/\/www.visionweb.com.ar\/index.php?rest_route=\/wp\/v2\/posts\/15009","targetHints":{"allow":["GET"]}}],"collection":[{"href":"https:\/\/www.visionweb.com.ar\/index.php?rest_route=\/wp\/v2\/posts"}],"about":[{"href":"https:\/\/www.visionweb.com.ar\/index.php?rest_route=\/wp\/v2\/types\/post"}],"author":[{"embeddable":true,"href":"https:\/\/www.visionweb.com.ar\/index.php?rest_route=\/wp\/v2\/users\/4"}],"replies":[{"embeddable":true,"href":"https:\/\/www.visionweb.com.ar\/index.php?rest_route=%2Fwp%2Fv2%2Fcomments&post=15009"}],"version-history":[{"count":1,"href":"https:\/\/www.visionweb.com.ar\/index.php?rest_route=\/wp\/v2\/posts\/15009\/revisions"}],"predecessor-version":[{"id":15011,"href":"https:\/\/www.visionweb.com.ar\/index.php?rest_route=\/wp\/v2\/posts\/15009\/revisions\/15011"}],"wp:featuredmedia":[{"embeddable":true,"href":"https:\/\/www.visionweb.com.ar\/index.php?rest_route=\/wp\/v2\/media\/15010"}],"wp:attachment":[{"href":"https:\/\/www.visionweb.com.ar\/index.php?rest_route=%2Fwp%2Fv2%2Fmedia&parent=15009"}],"wp:term":[{"taxonomy":"category","embeddable":true,"href":"https:\/\/www.visionweb.com.ar\/index.php?rest_route=%2Fwp%2Fv2%2Fcategories&post=15009"},{"taxonomy":"post_tag","embeddable":true,"href":"https:\/\/www.visionweb.com.ar\/index.php?rest_route=%2Fwp%2Fv2%2Ftags&post=15009"}],"curies":[{"name":"wp","href":"https:\/\/api.w.org\/{rel}","templated":true}]}}