{"id":14999,"date":"2024-06-30T12:54:14","date_gmt":"2024-06-30T15:54:14","guid":{"rendered":"https:\/\/www.visionweb.com.ar\/?p=14999"},"modified":"2024-06-30T12:54:14","modified_gmt":"2024-06-30T15:54:14","slug":"en-valentin-alsina-se-planto-el-arbol-numero-mil","status":"publish","type":"post","link":"https:\/\/www.visionweb.com.ar\/?p=14999","title":{"rendered":"En Valent\u00edn Alsina se plant\u00f3 el \u00e1rbol n\u00famero mil"},"content":{"rendered":"<p><em><strong>Fue en el barrio Campomar en un acto del que particip\u00f3 el intendente local, Juli\u00e1n\u00a0 \u00c1varez, junto a vecinos y vecinas de la zona.<\/strong><\/em><!--more--><\/p>\n<p><img loading=\"lazy\" decoding=\"async\" class=\"size-medium wp-image-15000 alignright\" src=\"https:\/\/www.visionweb.com.ar\/wp-content\/uploads\/2024\/06\/ALVAREZ-PLANTA-UN-ARBOL-300x200.jpg\" alt=\"\" width=\"300\" height=\"200\" srcset=\"https:\/\/www.visionweb.com.ar\/wp-content\/uploads\/2024\/06\/ALVAREZ-PLANTA-UN-ARBOL-300x200.jpg 300w, https:\/\/www.visionweb.com.ar\/wp-content\/uploads\/2024\/06\/ALVAREZ-PLANTA-UN-ARBOL.jpg 640w\" sizes=\"auto, (max-width: 300px) 100vw, 300px\" \/>En el marco del D\u00eda Mundial del \u00c1rbol, el intendente de Lana\u00fas, Juli\u00e1n \u00c1lvarez, plant\u00f3 el ejemplar n\u00famero 1000 del mes de junio en el Barrio Campomar situado en Valent\u00edn Alsina.\u00a0La actividad cont\u00f3 con la participaci\u00f3n de la comunidad.<\/p>\n<p>\u00abDesde el inicio de la gesti\u00f3n municipal, asumimos el compromiso de reforestar el distrito con ejemplares aut\u00f3ctonos para mejorar la calidad de vida de los lanusenses. De esa manera, tambi\u00e9n contribuimos al desarrollo de una Lan\u00fas sustentable\u00bb, afirm\u00f3 el jefe comunal.<\/p>\n<p>Cada 28 de junio, se rinde homenaje a estas especies org\u00e1nicas indispensables para el desarrollo de la vida de todos los seres vivos que habitan en el planeta.<\/p>\n<p>Entre sus principales funciones, se destacan la producci\u00f3n de oxigeno, la purificaci\u00f3n del aire, la fertilizaci\u00f3n de los suelos y el mantenimiento de la limpieza de los r\u00edos.<\/p>\n<p>Asimismo, permiten la reproducci\u00f3n de la biodiversidad de plantas y animales, reducen el riesgo de inundaciones y son fuente de materia prima en la elaboraci\u00f3n de medicamentos esenciales para la salud del ser humano.<\/p>\n<p>Particip\u00f3 de la jornada, adem\u00e1s del jefe comunal, el secretario de Espacios y Servicios P\u00fablicos de Lan\u00fas Gobierno Mauro Iezzi <strong>(VW)<\/strong>.<\/p>\n","protected":false},"excerpt":{"rendered":"<p>Fue en el barrio Campomar en un acto del que particip\u00f3 el intendente local, Juli\u00e1n\u00a0 \u00c1varez, junto a vecinos y vecinas de la zona.<\/p>\n","protected":false},"author":3,"featured_media":15000,"comment_status":"closed","ping_status":"closed","sticky":false,"template":"","format":"standard","meta":{"_monsterinsights_skip_tracking":false,"_monsterinsights_sitenote_active":false,"_monsterinsights_sitenote_note":"","_monsterinsights_sitenote_category":0,"footnotes":""},"categories":[5],"tags":[6296,1150,5864,6295],"class_list":["post-14999","post","type-post","status-publish","format-standard","has-post-thumbnail","hentry","category-sociedad","tag-alsina","tag-alvarez","tag-arbol","tag-campomar"],"_links":{"self":[{"href":"https:\/\/www.visionweb.com.ar\/index.php?rest_route=\/wp\/v2\/posts\/14999","targetHints":{"allow":["GET"]}}],"collection":[{"href":"https:\/\/www.visionweb.com.ar\/index.php?rest_route=\/wp\/v2\/posts"}],"about":[{"href":"https:\/\/www.visionweb.com.ar\/index.php?rest_route=\/wp\/v2\/types\/post"}],"author":[{"embeddable":true,"href":"https:\/\/www.visionweb.com.ar\/index.php?rest_route=\/wp\/v2\/users\/3"}],"replies":[{"embeddable":true,"href":"https:\/\/www.visionweb.com.ar\/index.php?rest_route=%2Fwp%2Fv2%2Fcomments&post=14999"}],"version-history":[{"count":1,"href":"https:\/\/www.visionweb.com.ar\/index.php?rest_route=\/wp\/v2\/posts\/14999\/revisions"}],"predecessor-version":[{"id":15001,"href":"https:\/\/www.visionweb.com.ar\/index.php?rest_route=\/wp\/v2\/posts\/14999\/revisions\/15001"}],"wp:featuredmedia":[{"embeddable":true,"href":"https:\/\/www.visionweb.com.ar\/index.php?rest_route=\/wp\/v2\/media\/15000"}],"wp:attachment":[{"href":"https:\/\/www.visionweb.com.ar\/index.php?rest_route=%2Fwp%2Fv2%2Fmedia&parent=14999"}],"wp:term":[{"taxonomy":"category","embeddable":true,"href":"https:\/\/www.visionweb.com.ar\/index.php?rest_route=%2Fwp%2Fv2%2Fcategories&post=14999"},{"taxonomy":"post_tag","embeddable":true,"href":"https:\/\/www.visionweb.com.ar\/index.php?rest_route=%2Fwp%2Fv2%2Ftags&post=14999"}],"curies":[{"name":"wp","href":"https:\/\/api.w.org\/{rel}","templated":true}]}}