{"id":14996,"date":"2024-06-28T13:38:59","date_gmt":"2024-06-28T16:38:59","guid":{"rendered":"https:\/\/www.visionweb.com.ar\/?p=14996"},"modified":"2024-06-28T13:38:59","modified_gmt":"2024-06-28T16:38:59","slug":"provincia-impulsan-proyecto-para-concientizar-sobre-la-exposicion-a-las-pantallas-en-las-infancias","status":"publish","type":"post","link":"https:\/\/www.visionweb.com.ar\/?p=14996","title":{"rendered":"Provincia: Impulsan proyecto para concientizar sobre la exposici\u00f3n a las pantallas en las infancias"},"content":{"rendered":"<p><strong><em>Lo presentaron en la Legislatura bonaerense. Comenz\u00f3 a tratarse en la Comisi\u00f3n de Ni\u00f1ez del Senado provincial.<\/em><\/strong><!--more--><\/p>\n<p><strong>\u00a0\u00a0 <img loading=\"lazy\" decoding=\"async\" class=\"size-medium wp-image-14997 alignright\" src=\"https:\/\/www.visionweb.com.ar\/wp-content\/uploads\/2024\/06\/pantallas-ninos-300x205.png\" alt=\"\" width=\"300\" height=\"205\" srcset=\"https:\/\/www.visionweb.com.ar\/wp-content\/uploads\/2024\/06\/pantallas-ninos-300x205.png 300w, https:\/\/www.visionweb.com.ar\/wp-content\/uploads\/2024\/06\/pantallas-ninos.png 509w\" sizes=\"auto, (max-width: 300px) 100vw, 300px\" \/> L<\/strong>a comisi\u00f3n de Ni\u00f1ez del Senado bonaerense inici\u00f3 el tratamiento de un proyecto que busca que se implementen campa\u00f1as de concientizaci\u00f3n sobre los riesgos y efectos nocivos de la exposici\u00f3n a las pantallas en las infancias.<\/p>\n<p>La iniciativa fue presentada por la senadora Lorena Mandagaran (UCR + Cambio Federal). La reuni\u00f3n cont\u00f3 con las exposiciones de Mauricio Pedersoli, m\u00e9dico neur\u00f3logo infantil y autor del libro \u201cAdictos en Pa\u00f1ales\u201d, y de Gabriela Bravetti, psic\u00f3loga, investigadora y docente.<\/p>\n<p>Los especialistas brindaron precisiones sobre los efectos nocivos que el uso desmedido de las pantallas puede generar en los menores de edad afectando aspectos conductuales, neurol\u00f3gicos y sociales.<\/p>\n<p>Mandagaran sostuvo que \u201cno estamos hablando de un juego o de un entretenimiento\u201d y que \u201cel <strong>uso desmedido genera impactos negativos en el desarrollo de los ni\u00f1os<\/strong>\u201d. Y agreg\u00f3: \u201cEs un tema de salud y por eso el Estado tiene que estar presente informando a los adultos que tienen menores a su cargo\u201d.<\/p>\n<p>La iniciativa establece la obligatoriedad de exhibir carteler\u00eda y\/o folleter\u00eda con recomendaciones sobre el uso saludable de las tecnolog\u00edas en establecimientos del sector p\u00fablico y del sector privado situados en la provincia de Buenos Aires entre los que figuran los centros de salud, las instituciones de educaci\u00f3n inicial y primaria y los centros de venta de art\u00edculos de electr\u00f3nica.<\/p>\n<p>Tambi\u00e9n se prev\u00e9 que desde el Gobierno provincial se realicen campa\u00f1as de difusi\u00f3n y <strong>concientizaci\u00f3n <\/strong>en sus p\u00e1ginas y plataformas digitales oficiales, y en los medios de comunicaci\u00f3n escritos y audiovisuales. <strong>(VW)<\/strong><\/p>\n","protected":false},"excerpt":{"rendered":"<p>Lo presentaron en la Legislatura bonaerense. Comenz\u00f3 a tratarse en la Comisi\u00f3n de Ni\u00f1ez del Senado provincial.<\/p>\n","protected":false},"author":4,"featured_media":14997,"comment_status":"closed","ping_status":"closed","sticky":false,"template":"","format":"standard","meta":{"_monsterinsights_skip_tracking":false,"_monsterinsights_sitenote_active":false,"_monsterinsights_sitenote_note":"","_monsterinsights_sitenote_category":0,"footnotes":""},"categories":[8,4],"tags":[6294,6293,3309],"class_list":["post-14996","post","type-post","status-publish","format-standard","has-post-thumbnail","hentry","category-interes-general","category-politica","tag-comision-de-ninez","tag-proyecto-pantallas-nocivas","tag-senado-bonaerense"],"_links":{"self":[{"href":"https:\/\/www.visionweb.com.ar\/index.php?rest_route=\/wp\/v2\/posts\/14996","targetHints":{"allow":["GET"]}}],"collection":[{"href":"https:\/\/www.visionweb.com.ar\/index.php?rest_route=\/wp\/v2\/posts"}],"about":[{"href":"https:\/\/www.visionweb.com.ar\/index.php?rest_route=\/wp\/v2\/types\/post"}],"author":[{"embeddable":true,"href":"https:\/\/www.visionweb.com.ar\/index.php?rest_route=\/wp\/v2\/users\/4"}],"replies":[{"embeddable":true,"href":"https:\/\/www.visionweb.com.ar\/index.php?rest_route=%2Fwp%2Fv2%2Fcomments&post=14996"}],"version-history":[{"count":1,"href":"https:\/\/www.visionweb.com.ar\/index.php?rest_route=\/wp\/v2\/posts\/14996\/revisions"}],"predecessor-version":[{"id":14998,"href":"https:\/\/www.visionweb.com.ar\/index.php?rest_route=\/wp\/v2\/posts\/14996\/revisions\/14998"}],"wp:featuredmedia":[{"embeddable":true,"href":"https:\/\/www.visionweb.com.ar\/index.php?rest_route=\/wp\/v2\/media\/14997"}],"wp:attachment":[{"href":"https:\/\/www.visionweb.com.ar\/index.php?rest_route=%2Fwp%2Fv2%2Fmedia&parent=14996"}],"wp:term":[{"taxonomy":"category","embeddable":true,"href":"https:\/\/www.visionweb.com.ar\/index.php?rest_route=%2Fwp%2Fv2%2Fcategories&post=14996"},{"taxonomy":"post_tag","embeddable":true,"href":"https:\/\/www.visionweb.com.ar\/index.php?rest_route=%2Fwp%2Fv2%2Ftags&post=14996"}],"curies":[{"name":"wp","href":"https:\/\/api.w.org\/{rel}","templated":true}]}}