{"id":14994,"date":"2024-06-28T09:29:30","date_gmt":"2024-06-28T12:29:30","guid":{"rendered":"https:\/\/www.visionweb.com.ar\/?p=14994"},"modified":"2024-06-28T09:29:30","modified_gmt":"2024-06-28T12:29:30","slug":"el-gobierno-vuelve-a-frenar-subas-de-luz-y-gas-y-minimiza-la-de-combustibles","status":"publish","type":"post","link":"https:\/\/www.visionweb.com.ar\/?p=14994","title":{"rendered":"El gobierno vuelve a frenar subas de luz y gas y minimiza la de combustibles"},"content":{"rendered":"<p><strong><em>Entre febrero y abril, el Gobierno hab\u00eda firmado acuerdos con las compa\u00f1\u00edas para que desistieran de reclamos judiciales y administrativos a cambio de aumentar las tarifas.<\/em><\/strong><!--more--><\/p>\n<p>El Gobierno decidi\u00f3 que frenar\u00e1 nuevamente los aumentos de tarifas de luz y gas previstos para julio. En este caso, la suba correspond\u00eda para mejorar los m\u00e1rgenes de las empresas que prestan los servicios p\u00fablicos regulados de transporte y distribuci\u00f3n de energ\u00eda el\u00e9ctrica y gas natural, y hubieran tenido un impacto en las facturas de hogares, comercios e industrias cercano al 2-3%.<\/p>\n<p>Por otro lado, el ministro de Econom\u00eda, Luis Caputo, defini\u00f3 que aplicar\u00e1 un incremento de impuestos a los combustibles que equivale a un impacto de 1% en la nafta y el gasoil, que ser\u00e1 efectivo a partir del lunes 1 de julio.<\/p>\n<p>Ambas medidas buscan consolidar un proceso de baja de la inflaci\u00f3n, que se habr\u00eda interrumpido en junio despu\u00e9s de 5 meses (enero-mayo) precisamente por los ajustes de tarifas que tuvieron como objetivo bajar el gasto p\u00fablico en subsidios.<\/p>\n<p>Por el lado de la luz y el gas, las empresas afectadas por la medida son Transener, Transba, Transpa, Edenor, Edesur, Transportadora de Gas del Sur (TGS), Transportadora de Gas del Norte (TGN), Metrogas, Naturgy, Camuzzi y Ecogas, entre otras. \u201cVamos a tener que reducir violentamente nuestro plan de inversiones\u201d, anticip\u00f3 el ejecutivo de una firma.<\/p>\n<p>Entre febrero y abril, el Gobierno hab\u00eda firmado acuerdos con las compa\u00f1\u00edas para que desistieran de reclamos judiciales y administrativos a cambio de aumentar las tarifas y mantener una f\u00f3rmula de indexaci\u00f3n mensual en base a la evoluci\u00f3n pasada de la inflaci\u00f3n, los salarios y el costo de la construcci\u00f3n. La primera vez que se tuvo que aplicar esa f\u00f3rmula, en mayo, se posterg\u00f3 hasta junio.<\/p>\n<p>Pero para junio Caputo le hab\u00eda ordenado al secretario de Energ\u00eda, Eduardo Rodr\u00edguez Chirillo, cancelar ese mecanismo y empezar desde julio con una f\u00f3rmula que incorpore la inflaci\u00f3n futura proyectada para actualizar los ingresos de las empresas. Eso es lo que esta vez se vuelve a patear.<\/p>\n<p>Con todo, las empresas el\u00e9ctricas tendr\u00e1n a fines del mes pr\u00f3ximo un atraso en sus tarifas cercano al 50% -la inflaci\u00f3n acumulada desde febrero- y las de gas, de un 25%. Con estos ingresos no percibidos se podr\u00eda retrasar parte del plan de inversiones.<\/p>\n<p>La promesa del Gobierno para el sector privado es que antes de fin de a\u00f1o convocar\u00e1 a la Revisi\u00f3n Quinquenal Tarifaria (RQT), con la que se definir\u00e1 un plan de inversiones a 5 a\u00f1os a cambio de garant\u00edas y certezas con las tarifas. Los atrasos de este a\u00f1o se compensar\u00e1n hacia adelante con mayores aumentos que pagar\u00e1n los usuarios durante 60 meses.<\/p>\n<p>Por otro lado, los combustibles (nafta y gasoil) s\u00ed tendr\u00e1n una suba la semana que viene, que incorporar\u00e1 la devaluaci\u00f3n mensual del peso frente al d\u00f3lar (2%) y el alza de impuestos (1 punto m\u00e1s), por lo que la nafta se ir\u00e1 hasta al menos $ 930 o $ 935 por litro en la Ciudad de Buenos Aires.<\/p>\n<p>La actualizaci\u00f3n restante de los impuestos a los combustibles supera los $ 100 por litro de nafta y los $ 80 en el gasoil, y se aplicar\u00e1 a lo largo del segundo semestre, desde agosto, posiblemente en cuotas.<\/p>\n<p>Con esos impuestos, el Gobierno busca recuperar recaudaci\u00f3n tributaria por un total de 0,5% sobre el Producto Interno Bruto (PIB) en todo el a\u00f1o, o el equivalente a 3.000 millones de d\u00f3lares, el 10% del ajuste fiscal que se propuso Javier Milei<strong>(VW)<\/strong>.<\/p>\n","protected":false},"excerpt":{"rendered":"<p>Entre febrero y abril, el Gobierno hab\u00eda firmado acuerdos con las compa\u00f1\u00edas para que desistieran de reclamos judiciales y administrativos a cambio de aumentar las tarifas.<\/p>\n","protected":false},"author":3,"featured_media":6133,"comment_status":"closed","ping_status":"closed","sticky":false,"template":"","format":"standard","meta":{"_monsterinsights_skip_tracking":false,"_monsterinsights_sitenote_active":false,"_monsterinsights_sitenote_note":"","_monsterinsights_sitenote_category":0,"footnotes":""},"categories":[4],"tags":[445,203,564],"class_list":["post-14994","post","type-post","status-publish","format-standard","has-post-thumbnail","hentry","category-politica","tag-gobierno","tag-prorroga","tag-tarifas"],"_links":{"self":[{"href":"https:\/\/www.visionweb.com.ar\/index.php?rest_route=\/wp\/v2\/posts\/14994","targetHints":{"allow":["GET"]}}],"collection":[{"href":"https:\/\/www.visionweb.com.ar\/index.php?rest_route=\/wp\/v2\/posts"}],"about":[{"href":"https:\/\/www.visionweb.com.ar\/index.php?rest_route=\/wp\/v2\/types\/post"}],"author":[{"embeddable":true,"href":"https:\/\/www.visionweb.com.ar\/index.php?rest_route=\/wp\/v2\/users\/3"}],"replies":[{"embeddable":true,"href":"https:\/\/www.visionweb.com.ar\/index.php?rest_route=%2Fwp%2Fv2%2Fcomments&post=14994"}],"version-history":[{"count":1,"href":"https:\/\/www.visionweb.com.ar\/index.php?rest_route=\/wp\/v2\/posts\/14994\/revisions"}],"predecessor-version":[{"id":14995,"href":"https:\/\/www.visionweb.com.ar\/index.php?rest_route=\/wp\/v2\/posts\/14994\/revisions\/14995"}],"wp:featuredmedia":[{"embeddable":true,"href":"https:\/\/www.visionweb.com.ar\/index.php?rest_route=\/wp\/v2\/media\/6133"}],"wp:attachment":[{"href":"https:\/\/www.visionweb.com.ar\/index.php?rest_route=%2Fwp%2Fv2%2Fmedia&parent=14994"}],"wp:term":[{"taxonomy":"category","embeddable":true,"href":"https:\/\/www.visionweb.com.ar\/index.php?rest_route=%2Fwp%2Fv2%2Fcategories&post=14994"},{"taxonomy":"post_tag","embeddable":true,"href":"https:\/\/www.visionweb.com.ar\/index.php?rest_route=%2Fwp%2Fv2%2Ftags&post=14994"}],"curies":[{"name":"wp","href":"https:\/\/api.w.org\/{rel}","templated":true}]}}