{"id":14990,"date":"2024-06-28T09:13:50","date_gmt":"2024-06-28T12:13:50","guid":{"rendered":"https:\/\/www.visionweb.com.ar\/?p=14990"},"modified":"2024-06-28T09:17:37","modified_gmt":"2024-06-28T12:17:37","slug":"se-sanciono-la-ley-bases-y-la-reforma-fiscal","status":"publish","type":"post","link":"https:\/\/www.visionweb.com.ar\/?p=14990","title":{"rendered":"Se sancion\u00f3 la Ley Bases y la Reforma Fiscal"},"content":{"rendered":"<p><em><strong>Para el final qued\u00f3 la aprobaci\u00f3n del resto del paquete fiscal, que comprende entre otros puntos un blanqueo de capitales, una reforma del monotributo y una moratoria impositiva.<\/strong><\/em><!--more--><\/p>\n<p><img loading=\"lazy\" decoding=\"async\" class=\"size-medium wp-image-9267 alignright\" src=\"https:\/\/www.visionweb.com.ar\/wp-content\/uploads\/2023\/01\/Sesiones-congreso-ene2023-300x171.jpg\" alt=\"\" width=\"300\" height=\"171\" srcset=\"https:\/\/www.visionweb.com.ar\/wp-content\/uploads\/2023\/01\/Sesiones-congreso-ene2023-300x171.jpg 300w, https:\/\/www.visionweb.com.ar\/wp-content\/uploads\/2023\/01\/Sesiones-congreso-ene2023.bmp 441w\" sizes=\"auto, (max-width: 300px) 100vw, 300px\" \/>La C\u00e1mara de Diputados otorg\u00f3 la sanci\u00f3n definitiva a la <strong>Ley Bases<\/strong>\u00a0y tambi\u00e9n al\u00a0<strong>paquete fiscal\u00a0<\/strong>impulsados por el gobierno de Javier Milei. El retorno del Impuesto a las Ganancias, privatizaciones y reforma del Estado, son algunos de los puntos centrales.<\/p>\n<p>Para la Ley Bases, el oficialismo y sus socios de bloques dialoguistas aceptaron todos los\u00a0<a href=\"https:\/\/www.inforegion.com.ar\/2024\/06\/25\/aprobaron-en-comision-el-proyecto-de-ley-bases-con-las-reformas-del-senado-y-se-trata-el-jueves\/\">cambios<\/a>\u00a0aplicados por el Senado, cosechando\u00a0<strong>147 votos positivos, 107 negativos y dos abstenciones.<\/strong><\/p>\n<p>Quedaron afuera del paquete de empresas declaradas sujetas a privatizaci\u00f3n\u00a0Aerol\u00edneas Argentinas, el Correo y los medios p\u00fablicos, pero\u00a0<strong>el Gobierno ya avis\u00f3 que retomar\u00e1 el tema m\u00e1s adelante con leyes espec\u00edficas para privatizar las empresas p\u00fablicas que quedaron afuera<\/strong>.<\/p>\n<p>Por su parte, la ley Fiscal\u00a0se vot\u00f3 en cuatro pasos: primero se vot\u00f3 un art\u00edculo sobre gastos tributarios, luego se aprob\u00f3 la insistencia en la reposici\u00f3n del impuesto a las Ganancias para trabajadores que ganen m\u00e1s de 1.800.000 pesos, y se sigui\u00f3 con la reforma del impuesto a los Bienes Personales que incluye una rebaja de al\u00edcuotas.<\/p>\n<p>Para el final qued\u00f3 la aprobaci\u00f3n del resto del paquete fiscal, que comprende entre otros puntos un blanqueo de capitales, una reforma del monotributo y una moratoria impositiva.<\/p>\n<h3 class=\"wp-block-heading\"><strong>Los puntos centrales\u00a0<\/strong><\/h3>\n<p>Se declara las\u00a0<strong>emergencias en materia econ\u00f3mica, en materia\u00a0administrativa, econ\u00f3mica, financiera y energ\u00e9tica<\/strong>\u00a0por el plazo de\u00a0un (1) a\u00f1o.<\/p>\n<p>Adem\u00e1s, se otorgan facultades para realizar una\u00a0<strong>reforma del Estados y reducir el sobredimensionamiento de la estructura estatal<\/strong>. El Poder Ejecutivo podr\u00e1 disponer la\u00a0<strong>disoluci\u00f3n<\/strong>\u00a0o funci\u00f3n de organismos p\u00fablicos pero no se podr\u00e1 aplicar al CONICET, la ANMAT, el INCAA, el ENACOM, el INCUCAI, la UIF, el INTI, el INTA, el SENASA, el SMN, el Banco Nacional de Datos Gen\u00e9ticos y todos aquellos vinculados a la cultura.<\/p>\n<p>Asimismo, los empleados p\u00fablicos que trabajen en organismos que se disuelvan tendr\u00e1n un a\u00f1o para poder reubicarse en otros entes del Estado y si no tienen otro puesto en el Estado ser\u00e1n declarados prescindibles.<\/p>\n<p>Por otro lado, se autoriza la\u00a0<strong>privatizaci\u00f3n<\/strong>\u00a0total de las empresas Enarsa, e\u00a0Intercargo, y en forma parcial de Aysa,\u00a0Sociedad Operadora\u00a0Ferroviaria SE (SOFSE) y Corredores Viales SA.\u00a0Se permite\u00a0aportar capital privado Nucleoel\u00e9ctrica y el complejo de\u00a0Yacimiento Carbon\u00edferos Fiscales.<\/p>\n<p>Se\u00a0promueve una\u00a0<strong>reforma laboral que permitir\u00e1 el despido con\u00a0causa justa por bloqueos de empresas y tomas de empresa<\/strong>; mientras que se elimina las multas por trabajo no registrado a cambio de regularizar la situaci\u00f3n de ese empleado y al trabajador se le podr\u00e1n reconocer hasta cinco a\u00f1os de aportes.<\/p>\n<p>Adem\u00e1s, se permite establecer\u00a0<strong>acuerdos para reemplazar la indemnizaci\u00f3n<\/strong>\u00a0por un fondo de cese laboral como tiene la Uni\u00f3n Obrera de la Construcci\u00f3n.<\/p>\n<p>Y\u00a0<strong>se incorporar\u00e1 una nueva figura llamado colaborar<\/strong>\u00a0para que las pymes puedan contratar a tres trabajadores, sin establecer un v\u00ednculo de relaci\u00f3n de dependencia; se ampl\u00eda el per\u00edodo de prueba de tres a seis meses y de hasta ocho meses en las empresas desde 6 hasta 100 empleados.<\/p>\n<p>En tanto, se crea un r\u00e9gimen de incentivo para grandes\u00a0inversiones (<strong>RIGI<\/strong>) para atraer inversiones extranjeras enfocados\u00a0en grandes emprendimientos petroleros mineros, donde existan\u00a0inversiones con un piso de 200 millones de d\u00f3lares hasta 900\u00a0millones de d\u00f3lares y a cambios los inversionistas tendr\u00e1n\u00a0beneficios en el IVA y Ganancias.<\/p>\n<p>El\u00a0<strong>RIGI\u00a0<\/strong>se destinar\u00e1 para las grandes inversiones en los sectores de petr\u00f3leo, gas, energ\u00eda, miner\u00eda, tecnolog\u00eda, siderurgia, forestoindustria y turismo, \u00a0\u00a0 El sistema de promoci\u00f3n de inversiones durar\u00e1 por dos a\u00f1os y obligar\u00e1 a los a inversionistas a contratar un 20 por ciento de proveedores locales.<\/p>\n<h3 class=\"wp-block-heading\">El paquete fiscal<\/h3>\n<p><strong>Se repone el Impuesto a las Ganancias<\/strong>\u00a0establece para que vuelvan a pagar el tributo los empleados de relaci\u00f3n de\u00a0 dependencia que perciban 1.800.000 de sueldos brutos en el caso de \u00a0los solteros y 2,3 millones de pesos de sueldos brutos para los\u00a0 casados. La actualizaci\u00f3n del M\u00ednimo no Imponible se realizar\u00e1 dos veces por a\u00f1o en el 2025 pero este a\u00f1o tambi\u00e9n se har\u00e1 en el mes de septiembre.<\/p>\n<p>Asimismo, se reforma el\u00a0<strong>impuesto a los Bienes Personales<\/strong>\u00a0donde se eleva de 27 millones a 100 millones de Pesos el M\u00ednimo no\u00a0 Imponible. La iniciativa establece al\u00edcuotas progresivas que van del 0,5% a 1,5%. Se eliminan las diferencias entre bienes locales y bienes en el exterior, que actualmente pagan una al\u00edcuota del 2,25%.<\/p>\n<p>Los contribuyentes cumplidores obtendr\u00e1n una reducci\u00f3n de 0,5% seg\u00fan la al\u00edcuota que paguen del tributo. Y se establece una moratoria para deudas tributarias, previsionales y aduaneras. Adem\u00e1s, se autoriza el pago adelantado por cinco a\u00f1os del impuesto de Bienes Personales con un al\u00edcuota especial de 0,45% por a\u00f1o.<\/p>\n<p><strong>Blanqueo de Capitales<\/strong>: se permite ingresar al sistema activos por un monto hasta 100 d\u00f3lares sin pagar ninguna al\u00edcuota. Los contribuyentes que superen activos por 100 mil d\u00f3lares pagan hasta el 30 de septiembre una al\u00edcuota del 5 por ciento sobre el excedente declarado, y desde octubre hasta diciembre una al\u00edcuota del 10 por ciento, y desde enero hasta marzo un 15 por ciento.<\/p>\n<p>No podr\u00e1n ingresar al blanqueo los funcionarios que estuvieron en sus cargos en los \u00faltimos diez a\u00f1os, y sus familiares incluidos los hermanos. Adem\u00e1s, determina que las regal\u00edas de las mineras se mantendr\u00e1n en tres por ciento en los actuales emprendimientos, pero se elevar\u00e1n al cinco por ciento cuando se trate de nuevos emprendimientos<strong>(VW)<\/strong>.<\/p>\n","protected":false},"excerpt":{"rendered":"<p>Para el final qued\u00f3 la aprobaci\u00f3n del resto del paquete fiscal, que comprende entre otros puntos un blanqueo de capitales, una reforma del monotributo y una moratoria impositiva.<\/p>\n","protected":false},"author":3,"featured_media":9267,"comment_status":"closed","ping_status":"closed","sticky":false,"template":"","format":"standard","meta":{"_monsterinsights_skip_tracking":false,"_monsterinsights_sitenote_active":false,"_monsterinsights_sitenote_note":"","_monsterinsights_sitenote_category":0,"footnotes":""},"categories":[4],"tags":[1123,143,186],"class_list":["post-14990","post","type-post","status-publish","format-standard","has-post-thumbnail","hentry","category-politica","tag-bases","tag-diputados","tag-ley"],"_links":{"self":[{"href":"https:\/\/www.visionweb.com.ar\/index.php?rest_route=\/wp\/v2\/posts\/14990","targetHints":{"allow":["GET"]}}],"collection":[{"href":"https:\/\/www.visionweb.com.ar\/index.php?rest_route=\/wp\/v2\/posts"}],"about":[{"href":"https:\/\/www.visionweb.com.ar\/index.php?rest_route=\/wp\/v2\/types\/post"}],"author":[{"embeddable":true,"href":"https:\/\/www.visionweb.com.ar\/index.php?rest_route=\/wp\/v2\/users\/3"}],"replies":[{"embeddable":true,"href":"https:\/\/www.visionweb.com.ar\/index.php?rest_route=%2Fwp%2Fv2%2Fcomments&post=14990"}],"version-history":[{"count":3,"href":"https:\/\/www.visionweb.com.ar\/index.php?rest_route=\/wp\/v2\/posts\/14990\/revisions"}],"predecessor-version":[{"id":14993,"href":"https:\/\/www.visionweb.com.ar\/index.php?rest_route=\/wp\/v2\/posts\/14990\/revisions\/14993"}],"wp:featuredmedia":[{"embeddable":true,"href":"https:\/\/www.visionweb.com.ar\/index.php?rest_route=\/wp\/v2\/media\/9267"}],"wp:attachment":[{"href":"https:\/\/www.visionweb.com.ar\/index.php?rest_route=%2Fwp%2Fv2%2Fmedia&parent=14990"}],"wp:term":[{"taxonomy":"category","embeddable":true,"href":"https:\/\/www.visionweb.com.ar\/index.php?rest_route=%2Fwp%2Fv2%2Fcategories&post=14990"},{"taxonomy":"post_tag","embeddable":true,"href":"https:\/\/www.visionweb.com.ar\/index.php?rest_route=%2Fwp%2Fv2%2Ftags&post=14990"}],"curies":[{"name":"wp","href":"https:\/\/api.w.org\/{rel}","templated":true}]}}