{"id":14988,"date":"2024-06-27T12:28:46","date_gmt":"2024-06-27T15:28:46","guid":{"rendered":"https:\/\/www.visionweb.com.ar\/?p=14988"},"modified":"2024-06-27T12:28:46","modified_gmt":"2024-06-27T15:28:46","slug":"la-desocupacion-entre-menores-de-30-anos-duplica-a-la-tasa-de-desempleo-general","status":"publish","type":"post","link":"https:\/\/www.visionweb.com.ar\/?p=14988","title":{"rendered":"La desocupaci\u00f3n entre menores de 30 a\u00f1os duplica a la tasa de desempleo general"},"content":{"rendered":"<p><em><strong>La falta de empleo afecta a los j\u00f3venes y se observa una marcada disparidad de g\u00e9nero en las tasas de desocupaci\u00f3n.<\/strong><\/em> <!--more--><\/p>\n<p><img loading=\"lazy\" decoding=\"async\" class=\"size-full wp-image-11029 alignright\" src=\"https:\/\/www.visionweb.com.ar\/wp-content\/uploads\/2023\/06\/desempleo.png\" alt=\"\" width=\"285\" height=\"266\" \/>La descocupaci\u00f3n entre los menores de 30 a\u00f1os, supera con comodidad el promedio general que aument\u00f3 en el primer trimestre de a\u00f1o al 7,7%, empeorando en comparaci\u00f3n con el 6,9% registrado en el mismo per\u00edodo del a\u00f1o anterior.<\/p>\n<p>La situaci\u00f3n de las mujeres de 14 a 29 a\u00f1os, es alarmante, quienes enfrentan una tasa de desempleo del 17,3%, m\u00e1s del doble del \u00edndice general, revel\u00f3 el El Instituto Nacional de Estad\u00edsticas y Censos (Indec).<\/p>\n<p>En tanto, los hombres menores de 30 a\u00f1os registraron un desempleo del 14,1%, tambi\u00e9n muy por encima del promedio nacional.<\/p>\n<p>A partir de los 30 a\u00f1os, las cifras muestran un cambio significativo. Las mujeres de este grupo etario presentaron una tasa de desocupaci\u00f3n del 5,8%, mientras que los hombres alcanzaron el 4,8%. No obstante, todos los segmentos analizados experimentaron un aumento en sus tasas de desempleo en comparaci\u00f3n con el a\u00f1o anterior.<\/p>\n<p>El t\u00e9rmino \u201cdesocupaci\u00f3n\u201d se refiere a las personas que se encuentran activamente buscando empleo y que no lo encuentran, excluyendo a quienes no est\u00e1n activos en el mercado laboral. En cuanto a la tasa de empleo, se observa una marcada diferencia entre los j\u00f3venes y los adultos mayores de 30 a\u00f1os.<\/p>\n<p>Las mujeres de 14 a 29 a\u00f1os muestran una tasa de empleo del 34%, considerablemente menor que el promedio general del 44,3%. Por encima de los 30 a\u00f1os, la tasa de empleo entre las mujeres asciende al 68,1%.<\/p>\n<p>En el caso de los hombres, los menores de 30 a\u00f1os tienen una tasa de empleo del 45,2%, superior al promedio pero significativamente menor que la tasa del 86,1% registrada entre los hombres de 30 a 64 a\u00f1os<strong>(VW)<\/strong>.<\/p>\n<p>&nbsp;<\/p>\n","protected":false},"excerpt":{"rendered":"<p>La falta de empleo afecta a los j\u00f3venes y se observa una marcada disparidad de g\u00e9nero en las tasas de desocupaci\u00f3n.<\/p>\n","protected":false},"author":3,"featured_media":11029,"comment_status":"closed","ping_status":"closed","sticky":false,"template":"","format":"standard","meta":{"_monsterinsights_skip_tracking":false,"_monsterinsights_sitenote_active":false,"_monsterinsights_sitenote_note":"","_monsterinsights_sitenote_category":0,"footnotes":""},"categories":[8],"tags":[58,6292,75,1039,217],"class_list":["post-14988","post","type-post","status-publish","format-standard","has-post-thumbnail","hentry","category-interes-general","tag-aumento","tag-descocupacion","tag-indec","tag-jovenes","tag-tasas"],"_links":{"self":[{"href":"https:\/\/www.visionweb.com.ar\/index.php?rest_route=\/wp\/v2\/posts\/14988","targetHints":{"allow":["GET"]}}],"collection":[{"href":"https:\/\/www.visionweb.com.ar\/index.php?rest_route=\/wp\/v2\/posts"}],"about":[{"href":"https:\/\/www.visionweb.com.ar\/index.php?rest_route=\/wp\/v2\/types\/post"}],"author":[{"embeddable":true,"href":"https:\/\/www.visionweb.com.ar\/index.php?rest_route=\/wp\/v2\/users\/3"}],"replies":[{"embeddable":true,"href":"https:\/\/www.visionweb.com.ar\/index.php?rest_route=%2Fwp%2Fv2%2Fcomments&post=14988"}],"version-history":[{"count":1,"href":"https:\/\/www.visionweb.com.ar\/index.php?rest_route=\/wp\/v2\/posts\/14988\/revisions"}],"predecessor-version":[{"id":14989,"href":"https:\/\/www.visionweb.com.ar\/index.php?rest_route=\/wp\/v2\/posts\/14988\/revisions\/14989"}],"wp:featuredmedia":[{"embeddable":true,"href":"https:\/\/www.visionweb.com.ar\/index.php?rest_route=\/wp\/v2\/media\/11029"}],"wp:attachment":[{"href":"https:\/\/www.visionweb.com.ar\/index.php?rest_route=%2Fwp%2Fv2%2Fmedia&parent=14988"}],"wp:term":[{"taxonomy":"category","embeddable":true,"href":"https:\/\/www.visionweb.com.ar\/index.php?rest_route=%2Fwp%2Fv2%2Fcategories&post=14988"},{"taxonomy":"post_tag","embeddable":true,"href":"https:\/\/www.visionweb.com.ar\/index.php?rest_route=%2Fwp%2Fv2%2Ftags&post=14988"}],"curies":[{"name":"wp","href":"https:\/\/api.w.org\/{rel}","templated":true}]}}