{"id":14983,"date":"2024-06-27T11:58:10","date_gmt":"2024-06-27T14:58:10","guid":{"rendered":"https:\/\/www.visionweb.com.ar\/?p=14983"},"modified":"2024-06-27T11:58:10","modified_gmt":"2024-06-27T14:58:10","slug":"municipios-de-la-tercera-seccion-recibieron-tarjetas-del-fondo-de-emergencia","status":"publish","type":"post","link":"https:\/\/www.visionweb.com.ar\/?p=14983","title":{"rendered":"Municipios de la Tercera Secci\u00f3n recibieron tarjetas del Fondo de Emergencia"},"content":{"rendered":"<p><strong><em>Se realiz\u00f3 el Consejo de Articulaci\u00f3n de Pol\u00edticas de G\u00e9nero y Diversidad Sexual con \u00e1reas de g\u00e9nero de la Regi\u00f3n.<\/em><\/strong><!--more--><\/p>\n<p><img loading=\"lazy\" decoding=\"async\" class=\"size-medium wp-image-14986 alignright\" src=\"https:\/\/www.visionweb.com.ar\/wp-content\/uploads\/2024\/06\/JORNADA-CAPACITACION-300x198.png\" alt=\"\" width=\"300\" height=\"198\" srcset=\"https:\/\/www.visionweb.com.ar\/wp-content\/uploads\/2024\/06\/JORNADA-CAPACITACION-300x198.png 300w, https:\/\/www.visionweb.com.ar\/wp-content\/uploads\/2024\/06\/JORNADA-CAPACITACION.png 640w\" sizes=\"auto, (max-width: 300px) 100vw, 300px\" \/>Con el objetivo de fortalecer el abordaje territorial de las situaciones de violencia por razones de g\u00e9nero en la provincia de Buenos Aires, se reuni\u00f3 el Consejo de Articulaci\u00f3n de Pol\u00edticas de G\u00e9nero y Diversidad Sexual.<\/p>\n<p>Del encuentro participaron integrantes de las \u00e1reas de g\u00e9nero de Almirante Brown, Avellaneda, Florencio Varela, La Matanza, Lan\u00fas, Lomas de Zamora y Quilmes.<\/p>\n<p>En el c\u00f3nclave que se realiz\u00f3 en la \u00a0sede regional del Ministerio de las Mujeres y Diversidad de Almirante Brown, la subsecretar\u00eda de <strong>Pol\u00edticas contra las Violencias por razones de G\u00e9nero Laurana Malacalza<\/strong> entreg\u00f3 tarjetas del <strong>Fondo de Emergencia para Avellaneda y Lan\u00fas<\/strong>.<\/p>\n<p>Tambi\u00e9n se inform\u00f3 sobre el aumento en el monto de las mismas, para que las \u00e1reas de g\u00e9nero puedan resolver emergencias en casos de violencias.<\/p>\n<p>Asimismo, se realizaron <strong>capacitaciones sobre la nueva versi\u00f3n del Registro \u00danico de Casos (RUC) y su carga, que entra en funcionamiento en el mes de julio.<\/strong><\/p>\n<p>\u00abEste sistema inform\u00e1tico desarrollado por nuestro Ministerio permite registrar y evaluar el riesgo de las situaciones de violencia que atraviesan mujeres y LGTBI+, con el objetivo de evitar su revictimizaci\u00f3n y contar con informaci\u00f3n confiable sobre esta problem\u00e1tica\u00bb, consignaron desde el \u00e1rea.<\/p>\n<p>Adem\u00e1s, <strong>las \u00e1reas de g\u00e9nero tuvieron conocimiento del Sistema de Dispositivos Duales de Supervisi\u00f3n, Monitoreo y Rastreo de Agresores y V\u00edctimas de Violencias de G\u00e9nero,<\/strong> a trav\u00e9s del cual abordamos situaciones de alto riesgo y articulamos con el Poder Judicial para garantizar el cumplimiento de las medidas de protecci\u00f3n y promover el seguimiento de los varones que ejercen o han ejercido violencias.<\/p>\n<p>Estuvieron presentes la subsecretaria de Pol\u00edticas Transversales de G\u00e9nero Lidia Fern\u00e1ndez; la directora provincial e Pol\u00edticas Transversales de G\u00e9nero Cintia Nucifora; la directora de la Regi\u00f3n Tercera Bel\u00e9n Peretto y representantes de los municipios de Almirante Brown, Avellaneda, Florencio Varela, La Matanza, Lan\u00fas, Lomas de Zamora y Quilmes<strong>(VW)<\/strong><\/p>\n","protected":false},"excerpt":{"rendered":"<p>Se realiz\u00f3 el Consejo de Articulaci\u00f3n de Pol\u00edticas de G\u00e9nero y Diversidad Sexual con \u00e1reas de g\u00e9nero de la Regi\u00f3n.<\/p>\n","protected":false},"author":3,"featured_media":14986,"comment_status":"closed","ping_status":"closed","sticky":false,"template":"","format":"standard","meta":{"_monsterinsights_skip_tracking":false,"_monsterinsights_sitenote_active":false,"_monsterinsights_sitenote_note":"","_monsterinsights_sitenote_category":0,"footnotes":""},"categories":[5],"tags":[583,418,1716,6291,417],"class_list":["post-14983","post","type-post","status-publish","format-standard","has-post-thumbnail","hentry","category-sociedad","tag-emergencias","tag-genero","tag-tarjetas","tag-territorial","tag-violencia"],"_links":{"self":[{"href":"https:\/\/www.visionweb.com.ar\/index.php?rest_route=\/wp\/v2\/posts\/14983","targetHints":{"allow":["GET"]}}],"collection":[{"href":"https:\/\/www.visionweb.com.ar\/index.php?rest_route=\/wp\/v2\/posts"}],"about":[{"href":"https:\/\/www.visionweb.com.ar\/index.php?rest_route=\/wp\/v2\/types\/post"}],"author":[{"embeddable":true,"href":"https:\/\/www.visionweb.com.ar\/index.php?rest_route=\/wp\/v2\/users\/3"}],"replies":[{"embeddable":true,"href":"https:\/\/www.visionweb.com.ar\/index.php?rest_route=%2Fwp%2Fv2%2Fcomments&post=14983"}],"version-history":[{"count":1,"href":"https:\/\/www.visionweb.com.ar\/index.php?rest_route=\/wp\/v2\/posts\/14983\/revisions"}],"predecessor-version":[{"id":14987,"href":"https:\/\/www.visionweb.com.ar\/index.php?rest_route=\/wp\/v2\/posts\/14983\/revisions\/14987"}],"wp:featuredmedia":[{"embeddable":true,"href":"https:\/\/www.visionweb.com.ar\/index.php?rest_route=\/wp\/v2\/media\/14986"}],"wp:attachment":[{"href":"https:\/\/www.visionweb.com.ar\/index.php?rest_route=%2Fwp%2Fv2%2Fmedia&parent=14983"}],"wp:term":[{"taxonomy":"category","embeddable":true,"href":"https:\/\/www.visionweb.com.ar\/index.php?rest_route=%2Fwp%2Fv2%2Fcategories&post=14983"},{"taxonomy":"post_tag","embeddable":true,"href":"https:\/\/www.visionweb.com.ar\/index.php?rest_route=%2Fwp%2Fv2%2Ftags&post=14983"}],"curies":[{"name":"wp","href":"https:\/\/api.w.org\/{rel}","templated":true}]}}