{"id":14982,"date":"2024-06-27T11:49:39","date_gmt":"2024-06-27T14:49:39","guid":{"rendered":"https:\/\/www.visionweb.com.ar\/?p=14982"},"modified":"2024-06-27T11:49:39","modified_gmt":"2024-06-27T14:49:39","slug":"provincia-controles-de-vtv-con-camaras-de-fotomultas","status":"publish","type":"post","link":"https:\/\/www.visionweb.com.ar\/?p=14982","title":{"rendered":"Provincia: Controles de VTV con c\u00e1maras de fotomultas"},"content":{"rendered":"<p><em><strong>El Ministerio de Transporte de la Provincia busca implementar c\u00e1maras lectoras de patentes para multar a quienes no tengan la VTV al d\u00eda. Lo confirm\u00f3 el ministro D\u2019Onofrio.<\/strong><\/em><!--more--><\/p>\n<p><strong><img loading=\"lazy\" decoding=\"async\" class=\"size-medium wp-image-14984 alignright\" src=\"https:\/\/www.visionweb.com.ar\/wp-content\/uploads\/2024\/06\/Fotomultas-300x262.png\" alt=\"\" width=\"300\" height=\"262\" srcset=\"https:\/\/www.visionweb.com.ar\/wp-content\/uploads\/2024\/06\/Fotomultas-300x262.png 300w, https:\/\/www.visionweb.com.ar\/wp-content\/uploads\/2024\/06\/Fotomultas.png 474w\" sizes=\"auto, (max-width: 300px) 100vw, 300px\" \/>\u00a0\u00a0 E<\/strong>l Gobierno bonaerense avanza en materia de\u00a0seguridad vial con la implementaci\u00f3n de c\u00e1maras de detecci\u00f3n fotogr\u00e1fica que capten las patentes de los veh\u00edculos que no realizaron la VTV o circulan con el tr\u00e1mite vencido, as\u00ed lo confirm\u00f3 <strong>Jorge D\u2019Onofrio<\/strong>, ministro de Transporte de la Provincia.<\/p>\n<p>En ese sentido, el ministro D\u2019Onofrio desliz\u00f3 la medida durante su presentaci\u00f3n ante la comisi\u00f3n de Transporte, Puertos e Intereses Mar\u00edtimos del Senado bonaerense, donde explic\u00f3 la marcha de diversos servicios, principalmente el funcionamiento de la VTV.<\/p>\n<p>De esta manera, los conductores que circulen <strong>sin la VTV o con el tr\u00e1mite vencido, ser\u00e1n detectados por las c\u00e1maras instaladas en diversos puntos del territorio provincial<\/strong> y recibir\u00e1n posteriormente una multa.<\/p>\n<p>De esta manera, la Provincia buscar\u00e1 traer a territorio bonaerense\u00a0<strong>un sistema que ya rige en CABA<\/strong>\u00a0y en otras provincias del pa\u00eds. As\u00ed,\u00a0<strong>en caso de que las c\u00e1maras de la provincia de Buenos Aires detecten alg\u00fan tipo de irregularidad con la VTV, los titulares de los veh\u00edculos recibir\u00e1n una multa de tr\u00e1nsito<\/strong>, tal y como sucede cuando un veh\u00edculo es demorado en los operativos de tr\u00e1nsito y no poseen la VTV al d\u00eda, que <strong>sigue siendo obligatoria en territorio bonaerense<\/strong>.<\/p>\n<p>\u00ab<strong>El lector de patente autom\u00e1ticamente va a decir si tiene o no tiene la VTV, en caso de que no, emitir\u00e1 una multa<\/strong>\u00ab, detall\u00f3 D\u2019Onofrio. \u00ab<strong>El \u00faltimo a\u00f1o se hicieron m\u00e1s de 4 millones de verificaciones, sobre un total registral de 7 millones<\/strong>. Si bien no sabemos si todos funcionan, evidentemente hay un porcentaje importante que no cumple con la normativa\u00bb, agreg\u00f3.<\/p>\n<p>\u00abCuando asum\u00ed el sistema de VTV llevaba 20 a\u00f1os de pr\u00f3rroga y se rend\u00eda al Estado bonaerense con un Excel que era una cuesti\u00f3n de fe. El Gobernador nos pidi\u00f3 que normalicemos la situaci\u00f3n. Ahora se sumaron m\u00e1s plantas y se implement\u00f3 una turnera, adem\u00e1s estamos trabajando en la adecuaci\u00f3n de varias plantas, que van a sumar tecnolog\u00eda. Los ajustes fueron importantes pero est\u00e1n por debajo de la mitad de lo que sale llenar el tanque de nafta de un auto mediano\u00bb, concluy\u00f3 el funcionario. <strong>(VW)<\/strong><\/p>\n<p>&nbsp;<\/p>\n","protected":false},"excerpt":{"rendered":"<p>El Ministerio de Transporte de la Provincia busca implementar c\u00e1maras lectoras de patentes para multar a quienes no tengan la VTV al d\u00eda. Lo confirm\u00f3 el ministro D\u2019Onofrio.<\/p>\n","protected":false},"author":4,"featured_media":14984,"comment_status":"closed","ping_status":"closed","sticky":false,"template":"","format":"standard","meta":{"_monsterinsights_skip_tracking":false,"_monsterinsights_sitenote_active":false,"_monsterinsights_sitenote_note":"","_monsterinsights_sitenote_category":0,"footnotes":""},"categories":[8,4],"tags":[4257,6290,356,1066,1513],"class_list":["post-14982","post","type-post","status-publish","format-standard","has-post-thumbnail","hentry","category-interes-general","category-politica","tag-camaras","tag-fotomultas","tag-provincia","tag-transporte","tag-vtv"],"_links":{"self":[{"href":"https:\/\/www.visionweb.com.ar\/index.php?rest_route=\/wp\/v2\/posts\/14982","targetHints":{"allow":["GET"]}}],"collection":[{"href":"https:\/\/www.visionweb.com.ar\/index.php?rest_route=\/wp\/v2\/posts"}],"about":[{"href":"https:\/\/www.visionweb.com.ar\/index.php?rest_route=\/wp\/v2\/types\/post"}],"author":[{"embeddable":true,"href":"https:\/\/www.visionweb.com.ar\/index.php?rest_route=\/wp\/v2\/users\/4"}],"replies":[{"embeddable":true,"href":"https:\/\/www.visionweb.com.ar\/index.php?rest_route=%2Fwp%2Fv2%2Fcomments&post=14982"}],"version-history":[{"count":1,"href":"https:\/\/www.visionweb.com.ar\/index.php?rest_route=\/wp\/v2\/posts\/14982\/revisions"}],"predecessor-version":[{"id":14985,"href":"https:\/\/www.visionweb.com.ar\/index.php?rest_route=\/wp\/v2\/posts\/14982\/revisions\/14985"}],"wp:featuredmedia":[{"embeddable":true,"href":"https:\/\/www.visionweb.com.ar\/index.php?rest_route=\/wp\/v2\/media\/14984"}],"wp:attachment":[{"href":"https:\/\/www.visionweb.com.ar\/index.php?rest_route=%2Fwp%2Fv2%2Fmedia&parent=14982"}],"wp:term":[{"taxonomy":"category","embeddable":true,"href":"https:\/\/www.visionweb.com.ar\/index.php?rest_route=%2Fwp%2Fv2%2Fcategories&post=14982"},{"taxonomy":"post_tag","embeddable":true,"href":"https:\/\/www.visionweb.com.ar\/index.php?rest_route=%2Fwp%2Fv2%2Ftags&post=14982"}],"curies":[{"name":"wp","href":"https:\/\/api.w.org\/{rel}","templated":true}]}}