{"id":14975,"date":"2024-06-26T19:48:36","date_gmt":"2024-06-26T22:48:36","guid":{"rendered":"https:\/\/www.visionweb.com.ar\/?p=14975"},"modified":"2024-06-26T19:48:36","modified_gmt":"2024-06-26T22:48:36","slug":"senado-bonaerense-avanza-una-ley-para-sumar-programacion-y-robotica-en-las-escuelas","status":"publish","type":"post","link":"https:\/\/www.visionweb.com.ar\/?p=14975","title":{"rendered":"Senado bonaerense: Avanza una ley para sumar Programaci\u00f3n y Rob\u00f3tica en las escuelas"},"content":{"rendered":"<p><em><strong>La comisi\u00f3n de Educaci\u00f3n del Senado bonaerense despach\u00f3 un proyecto de ley para incorporar la materia Programaci\u00f3n y Rob\u00f3tica en las escuelas de la Provincia.<\/strong><\/em><!--more--><\/p>\n<div id=\"attachment_14976\" style=\"width: 310px\" class=\"wp-caption alignright\"><img loading=\"lazy\" decoding=\"async\" aria-describedby=\"caption-attachment-14976\" class=\"wp-image-14976 size-medium\" src=\"https:\/\/www.visionweb.com.ar\/wp-content\/uploads\/2024\/06\/robotica-educativa-300x225.png\" alt=\"\" width=\"300\" height=\"225\" srcset=\"https:\/\/www.visionweb.com.ar\/wp-content\/uploads\/2024\/06\/robotica-educativa-300x225.png 300w, https:\/\/www.visionweb.com.ar\/wp-content\/uploads\/2024\/06\/robotica-educativa-320x240.png 320w, https:\/\/www.visionweb.com.ar\/wp-content\/uploads\/2024\/06\/robotica-educativa.png 471w\" sizes=\"auto, (max-width: 300px) 100vw, 300px\" \/><p id=\"caption-attachment-14976\" class=\"wp-caption-text\">Imagen de internet<\/p><\/div>\n<p><strong> \u00a0\u00a0 L<\/strong>a\u00a0<strong>comisi\u00f3n de Educaci\u00f3n<\/strong>,<strong>\u00a0Cultura<\/strong>,\u00a0<strong>Ciencia y<\/strong>\u00a0<strong>T\u00e9cnica\u00a0<\/strong>del\u00a0<strong>Senado<\/strong>\u00a0<strong>bonaerense<\/strong>, que preside la legisladora del\u00a0<strong>PRO<\/strong>,<strong>\u00a0Aldana Ahumada<\/strong>, se reuni\u00f3 este martes para tratar una bater\u00eda de proyectos, entre los que se destac\u00f3 una iniciativa que busca incluir la materia de\u00a0<strong>Programaci\u00f3n y Rob\u00f3tica<\/strong>\u00a0en la curr\u00edcula de las escuelas de la provincia de Buenos Aires.<\/p>\n<p>El texto parlamentario de autor\u00eda de la senadora\u00a0<strong>Ahumada<\/strong>, establece la ense\u00f1anza de la <strong>materia\u00a0Programaci\u00f3n y Rob\u00f3tica<\/strong>\u00a0en todos los niveles obligatorios y modalidades del sistema educativo p\u00fablico, y en el nivel superior de formaci\u00f3n docente, tanto para instituciones de gesti\u00f3n estatal como de gesti\u00f3n privada, dependientes del Gobierno bonaerense.<\/p>\n<p>\u201cLa\u00a0<strong>programaci\u00f3n<\/strong>\u00a0es una disciplina imprescindible en esta \u00e9poca. Cuando los alumnos comprenden el lenguaje y la l\u00f3gica de la\u00a0<strong>programaci\u00f3n<\/strong>\u00a0desarrollan, adquieren y ejecutan el pensamiento computacional, por tanto no s\u00f3lo est\u00e1n entendiendo y comprendiendo el mundo venidero, sino que se est\u00e1n preparado para transformarlo\u201d, explic\u00f3\u00a0<strong>Ahumada<\/strong>.<\/p>\n<p>De acuerdo al articulado, que esta tarde recibi\u00f3 dictamen de mayor\u00eda, la materia\u00a0<strong>Programaci\u00f3n y Rob\u00f3tica<\/strong>\u00a0tendr\u00e1 contenidos curriculares m\u00ednimos, graduales y transversales que se adecuar\u00e1n al Proyecto Educativo Institucional de cada establecimiento.<\/p>\n<p>El programa, ser\u00e1 elaborado por la autoridad de aplicaci\u00f3n determinada por el Gobierno bonaerense, que deber\u00e1 tener en cuenta el nivel educacional que est\u00e9n atravesando los alumnos, ya sea\u00a0<strong>primario, secundario o terciario<\/strong>.<\/p>\n<p>\u201cLa introducci\u00f3n de la\u00a0<strong>rob\u00f3tica<\/strong>\u00a0en la escuela, mediante la resoluci\u00f3n de problemas, posibilita trabajar las capacidades fundamentales de una manera novedosa, motivadora y entretenida, ya que proporciona un papel activo de los estudiantes en la b\u00fasqueda de soluciones a los problemas planteados, mediante dise\u00f1o y experimentaci\u00f3n, estimulando un aprendizaje de calidad\u201d, valor\u00f3 la legisladora\u00a0PRO.<\/p>\n<p>Asimismo, la autora del proyecto para incluir la\u00a0<strong>programaci\u00f3n<\/strong>\u00a0y la\u00a0<strong>rob\u00f3tica<\/strong>\u00a0en las escuelas brind\u00f3 datos para fundamentar su iniciativa. Entre los m\u00e1s importantes, se destaca que la UNESCO pronostic\u00f3 que\u00a0<strong>el 65% de los ni\u00f1os entre 6 y 9 a\u00f1os trabajar\u00e1n en empleos que a\u00fan no existen<\/strong>, y que el Instituto Nacional de Educaci\u00f3n Tecnol\u00f3gica \u00a0(INET) revel\u00f3 que\u00a0<strong>el 51% de las empresas consultadas manifestaron inconvenientes\u00a0<\/strong>para contratar perfiles con competencia en\u00a0<strong>programaci\u00f3n<\/strong>,\u00a0<strong>rob\u00f3tica<\/strong>\u00a0y nuevas tecnolog\u00edas debido a la falta de conocimiento y experiencia.<\/p>\n<p>\u201cAdem\u00e1s de los saberes cient\u00edfico-tecnol\u00f3gicos, es clave destacar que estos contenidos contribuyen activamente a la promoci\u00f3n del\u00a0<strong>asombro, la curiosidad, el an\u00e1lisis, la creatividad y la experimentaci\u00f3n<\/strong>, favoreciendo al trabajo en equipo y la colaboraci\u00f3n,\u00a0lo cual se traduce en un fortalecimiento de la cadena de valores que adquieren los alumnos a lo largo de toda su escolarizaci\u00f3n\u201d, agreg\u00f3\u00a0<strong>Ahumada<\/strong>.<\/p>\n<p>Vale mencionar que, este proyecto de\u00a0<strong>Ahumada<\/strong>\u00a0para incluir la materia de\u00a0<strong>Programaci\u00f3n<\/strong>\u00a0y\u00a0<strong>Rob\u00f3tica<\/strong>\u00a0en las escuelas bonaerenses ya hab\u00eda sido presentado en marzo de 2022, pero debido a la falta de tratamiento perdi\u00f3 estado parlamentario. Ahora, <strong>dos a\u00f1os despu\u00e9s, la iniciativa fue despachada en la comisi\u00f3n de Educaci\u00f3n<\/strong>.<\/p>\n<p><strong>Otros proyectos que despach\u00f3 la comisi\u00f3n de Educaci\u00f3n:<\/strong><\/p>\n<p>Adem\u00e1s del proyecto citado, la comisi\u00f3n de\u00a0<strong>Educaci\u00f3n, Cultura, Ciencia y T\u00e9cnica\u00a0<\/strong>dio dictamen favorable al proyecto para establecer capacitaci\u00f3n para el personal del sistema educativo en discapacidades, neurodiversidades y\/o diversidades cognitivas, del legislador camporista\u00a0<strong>Emmanuel Gonz\u00e1lez Santalla<\/strong>.<\/p>\n<p>Asimismo, este cuerpo parlamentario del\u00a0<strong>Senado bonaerense\u00a0<\/strong>tambi\u00e9n dio luz verde a una iniciativa del legislador radical\u00a0<strong>Agust\u00edn Maspoli\u00a0<\/strong>para constituir la formaci\u00f3n obligatoria para las carreras de nivel superior de formaci\u00f3n docente correspondientes a nivel inicial, primario, secundario y superior, de una asignatura espec\u00edfica que brinde herramientas para el\u00a0<strong>correcto abordaje de la convivencia y climas \u00e1ulicos<\/strong>.<\/p>\n<p>De la misma forma, la comisi\u00f3n de E<strong>ducaci\u00f3n, Cultura, Ciencia y T\u00e9cnica\u00a0<\/strong>despach\u00f3 proyectos de inter\u00e9s legislativos de las peronistas\u00a0<strong>Ayel\u00e9n<\/strong>\u00a0<strong>Dur\u00e1n<\/strong>,\u00a0<strong>Daniela Viera\u00a0<\/strong>y\u00a0<strong>Teresa Garc\u00eda<\/strong>; y de la dirigente del PRO\u00a0<strong>Mar\u00eda Emilia Subiza<\/strong>.<\/p>\n<p>Adem\u00e1s, dejaron en estudio una propuesta de la senadora de Cambio Federal,\u00a0<strong>Lorena Mandagar\u00e1n<\/strong>, que declara Fiesta Provincial a la celebraci\u00f3n mundial del artesano, organizada en Azul. <strong>(VW)<\/strong><\/p>\n","protected":false},"excerpt":{"rendered":"<p>La comisi\u00f3n de Educaci\u00f3n del Senado bonaerense despach\u00f3 un proyecto de ley para incorporar la materia Programaci\u00f3n y Rob\u00f3tica en las escuelas de la Provincia.<\/p>\n","protected":false},"author":4,"featured_media":14976,"comment_status":"closed","ping_status":"closed","sticky":false,"template":"","format":"standard","meta":{"_monsterinsights_skip_tracking":false,"_monsterinsights_sitenote_active":false,"_monsterinsights_sitenote_note":"","_monsterinsights_sitenote_category":0,"footnotes":""},"categories":[1],"tags":[23,6287,3309],"class_list":["post-14975","post","type-post","status-publish","format-standard","has-post-thumbnail","hentry","category-uncategorized","tag-educacion","tag-proyecto-robotica-en-escuelas","tag-senado-bonaerense"],"_links":{"self":[{"href":"https:\/\/www.visionweb.com.ar\/index.php?rest_route=\/wp\/v2\/posts\/14975","targetHints":{"allow":["GET"]}}],"collection":[{"href":"https:\/\/www.visionweb.com.ar\/index.php?rest_route=\/wp\/v2\/posts"}],"about":[{"href":"https:\/\/www.visionweb.com.ar\/index.php?rest_route=\/wp\/v2\/types\/post"}],"author":[{"embeddable":true,"href":"https:\/\/www.visionweb.com.ar\/index.php?rest_route=\/wp\/v2\/users\/4"}],"replies":[{"embeddable":true,"href":"https:\/\/www.visionweb.com.ar\/index.php?rest_route=%2Fwp%2Fv2%2Fcomments&post=14975"}],"version-history":[{"count":1,"href":"https:\/\/www.visionweb.com.ar\/index.php?rest_route=\/wp\/v2\/posts\/14975\/revisions"}],"predecessor-version":[{"id":14977,"href":"https:\/\/www.visionweb.com.ar\/index.php?rest_route=\/wp\/v2\/posts\/14975\/revisions\/14977"}],"wp:featuredmedia":[{"embeddable":true,"href":"https:\/\/www.visionweb.com.ar\/index.php?rest_route=\/wp\/v2\/media\/14976"}],"wp:attachment":[{"href":"https:\/\/www.visionweb.com.ar\/index.php?rest_route=%2Fwp%2Fv2%2Fmedia&parent=14975"}],"wp:term":[{"taxonomy":"category","embeddable":true,"href":"https:\/\/www.visionweb.com.ar\/index.php?rest_route=%2Fwp%2Fv2%2Fcategories&post=14975"},{"taxonomy":"post_tag","embeddable":true,"href":"https:\/\/www.visionweb.com.ar\/index.php?rest_route=%2Fwp%2Fv2%2Ftags&post=14975"}],"curies":[{"name":"wp","href":"https:\/\/api.w.org\/{rel}","templated":true}]}}