{"id":14970,"date":"2024-06-26T09:26:21","date_gmt":"2024-06-26T12:26:21","guid":{"rendered":"https:\/\/www.visionweb.com.ar\/?p=14970"},"modified":"2024-06-26T09:26:21","modified_gmt":"2024-06-26T12:26:21","slug":"el-gobierno-bonaerense-pone-en-marcha-un-regimen-tarifario-social-para-las-tarifas-energeticas","status":"publish","type":"post","link":"https:\/\/www.visionweb.com.ar\/?p=14970","title":{"rendered":"El gobierno bonaerense pone en marcha un r\u00e9gimen tarifario social para las tarifas energ\u00e9ticas"},"content":{"rendered":"<p><strong><em>Seg\u00fan la Ley 15.479, el porcentaje a pagar por el servicio residencial es del 4 por ciento. El nuevo r\u00e9gimen de tarifa social alcanzar\u00e1 a unos 3 millones de bonaerenses.<\/em><\/strong><!--more--><\/p>\n<p><img loading=\"lazy\" decoding=\"async\" class=\"size-medium wp-image-4785 alignright\" src=\"https:\/\/www.visionweb.com.ar\/wp-content\/uploads\/2022\/03\/ENERGIA-300x167.png\" alt=\"\" width=\"300\" height=\"167\" srcset=\"https:\/\/www.visionweb.com.ar\/wp-content\/uploads\/2022\/03\/ENERGIA-300x167.png 300w, https:\/\/www.visionweb.com.ar\/wp-content\/uploads\/2022\/03\/ENERGIA-768x428.png 768w, https:\/\/www.visionweb.com.ar\/wp-content\/uploads\/2022\/03\/ENERGIA.png 800w\" sizes=\"auto, (max-width: 300px) 100vw, 300px\" \/>En medio de aumentos generalizados en los servicios p\u00fablicos, el gobierno de la provincia de Buenos Aires puso en marcha un mecanismo para asistir a la poblaci\u00f3n de menores recursos. Se trata del r\u00e9gimen de tarifa social para la luz que ya exist\u00eda, pero con algunos cambios. Los detalles.<\/p>\n<p>A trav\u00e9s del Decreto 940\/24 publicado este mi\u00e9rcoles en el Bolet\u00edn Oficial, la Provincia implement\u00f3 \u00abel r\u00e9gimen provincial de la tarifa social de energ\u00eda el\u00e9ctrica\u00bb. Seg\u00fan se indic\u00f3, se aplicar\u00e1 a trav\u00e9s de una bonificaci\u00f3n que se ejecutar\u00e1 de forma autom\u00e1tica a los usuarios. Es decir que no requiere ning\u00fan tr\u00e1mite de inscripci\u00f3n.<\/p>\n<p>Tambi\u00e9n se decidi\u00f3 reducir la al\u00edcuota del impuesto que pagan todos los usuarios de la Provincia. Seg\u00fan la Ley 15.479, el porcentaje a pagar por el servicio residencial es del 4 por ciento, pero ahora quienes sean incluidos en el r\u00e9gimen de tarifa social pasar\u00e1n a pagar 0,01 por ciento.<\/p>\n<p>La cartera que lidera Gabriel Katopodis ser\u00e1 la encargada de determinar los criterios de inclusi\u00f3n al r\u00e9gimen de la tarifa social. Por lo pronto, solo se estableci\u00f3 que est\u00e1 destinada a \u00abusuarios residenciales con escasos recursos econ\u00f3micos\u00bb. Una vez que se definan los detalles, se reactivar\u00e1 esta iniciativa creada tras la firma del Consenso Fiscal 2018 en el que se acord\u00f3 la reducci\u00f3n de subsidios nacionales a los servicios p\u00fablicos.<\/p>\n<p><strong>A qui\u00e9nes alcanza y c\u00f3mo acceder<\/strong><\/p>\n<p>Seg\u00fan se inform\u00f3 desde el gobierno bonaerense, el nuevo r\u00e9gimen de tarifa social alcanzar\u00e1 a unos 3 millones de bonaerenses (hasta ahora llegaba a 1,7 millones paroximadamente).<\/p>\n<p>La iniciativa, que demandar\u00e1 una inversi\u00f3n de 53.600 millones de pesos, se aplicar\u00e1 para todos los hogares con ingresos declarados menores a 870 mil pesos. Se trata del grupo N2 del padr\u00f3n de segmentaci\u00f3n nacional, es decir, aquellos considerados de bajos recursos.<\/p>\n<p>Como se dijo, desde la Provincia aseguraron que \u00abse ejecutar\u00e1 de forma autom\u00e1tica, sin ning\u00fan tipo de inscripci\u00f3n\u00bb.<\/p>\n<p><strong>El impacto del tarifazo en la Provincia<\/strong><\/p>\n<p>La quita de subsidios por parte del gobierno de Javier Milei impactar\u00e1 de manera diferente en las tres categor\u00edas de usuarios, distinguidas por sus ingresos declarados: N1 ingresos altos, N2 ingresos bajos y N3 ingresos medios. En \u00e9sta oportunidad, el tarifazo impactar\u00e1 m\u00e1s fuerte en los usuarios N2, quienes sufrir\u00e1n subas de un 80%.<\/p>\n<p>Es importante recordar que EDENOR y EDESUR son empresas distribuidoras bajo la \u00f3rbita de Naci\u00f3n, por lo que no est\u00e1n incluidas entre los aumentos de la provincia de Buenos Aires, pese a que prestan servicio en el AMBA. Por lo que los aumentos indicados aplicar\u00e1n a EDEA, EDEN, EDES y EDELAP (VW)<\/p>\n","protected":false},"excerpt":{"rendered":"<p>Seg\u00fan la Ley 15.479, el porcentaje a pagar por el servicio residencial es del 4 por ciento. El nuevo r\u00e9gimen de tarifa social alcanzar\u00e1 a unos 3 millones de bonaerenses.<\/p>\n","protected":false},"author":3,"featured_media":4785,"comment_status":"closed","ping_status":"closed","sticky":false,"template":"","format":"standard","meta":{"_monsterinsights_skip_tracking":false,"_monsterinsights_sitenote_active":false,"_monsterinsights_sitenote_note":"","_monsterinsights_sitenote_category":0,"footnotes":""},"categories":[8],"tags":[4369,195,564],"class_list":["post-14970","post","type-post","status-publish","format-standard","has-post-thumbnail","hentry","category-interes-general","tag-beneficios","tag-energia","tag-tarifas"],"_links":{"self":[{"href":"https:\/\/www.visionweb.com.ar\/index.php?rest_route=\/wp\/v2\/posts\/14970","targetHints":{"allow":["GET"]}}],"collection":[{"href":"https:\/\/www.visionweb.com.ar\/index.php?rest_route=\/wp\/v2\/posts"}],"about":[{"href":"https:\/\/www.visionweb.com.ar\/index.php?rest_route=\/wp\/v2\/types\/post"}],"author":[{"embeddable":true,"href":"https:\/\/www.visionweb.com.ar\/index.php?rest_route=\/wp\/v2\/users\/3"}],"replies":[{"embeddable":true,"href":"https:\/\/www.visionweb.com.ar\/index.php?rest_route=%2Fwp%2Fv2%2Fcomments&post=14970"}],"version-history":[{"count":1,"href":"https:\/\/www.visionweb.com.ar\/index.php?rest_route=\/wp\/v2\/posts\/14970\/revisions"}],"predecessor-version":[{"id":14971,"href":"https:\/\/www.visionweb.com.ar\/index.php?rest_route=\/wp\/v2\/posts\/14970\/revisions\/14971"}],"wp:featuredmedia":[{"embeddable":true,"href":"https:\/\/www.visionweb.com.ar\/index.php?rest_route=\/wp\/v2\/media\/4785"}],"wp:attachment":[{"href":"https:\/\/www.visionweb.com.ar\/index.php?rest_route=%2Fwp%2Fv2%2Fmedia&parent=14970"}],"wp:term":[{"taxonomy":"category","embeddable":true,"href":"https:\/\/www.visionweb.com.ar\/index.php?rest_route=%2Fwp%2Fv2%2Fcategories&post=14970"},{"taxonomy":"post_tag","embeddable":true,"href":"https:\/\/www.visionweb.com.ar\/index.php?rest_route=%2Fwp%2Fv2%2Ftags&post=14970"}],"curies":[{"name":"wp","href":"https:\/\/api.w.org\/{rel}","templated":true}]}}