{"id":14965,"date":"2024-06-26T07:06:12","date_gmt":"2024-06-26T10:06:12","guid":{"rendered":"https:\/\/www.visionweb.com.ar\/?p=14965"},"modified":"2024-06-25T18:00:47","modified_gmt":"2024-06-25T21:00:47","slug":"legislatura-bonaerense-presentan-proyectos-de-ley-de-ahorro-energetico","status":"publish","type":"post","link":"https:\/\/www.visionweb.com.ar\/?p=14965","title":{"rendered":"Legislatura bonaerense: Presentan proyectos de ley de ahorro energ\u00e9tico"},"content":{"rendered":"<p><em><strong>Buscan crear un \u201cR\u00e9gimen de Ahorro El\u00e9ctrico\u201d en edificios p\u00fablicos del Gobierno provincial. Tambi\u00e9n presentaron un proyecto sobre el uso racional y ahorro de luz y el gas en escuelas.<\/strong><\/em><!--more--><\/p>\n<p><strong> <img loading=\"lazy\" decoding=\"async\" class=\"size-medium wp-image-10255 alignright\" src=\"https:\/\/www.visionweb.com.ar\/wp-content\/uploads\/2023\/04\/ESCUELAS-SECUNDARIAS-300x173.png\" alt=\"\" width=\"300\" height=\"173\" srcset=\"https:\/\/www.visionweb.com.ar\/wp-content\/uploads\/2023\/04\/ESCUELAS-SECUNDARIAS-300x173.png 300w, https:\/\/www.visionweb.com.ar\/wp-content\/uploads\/2023\/04\/ESCUELAS-SECUNDARIAS.png 640w\" sizes=\"auto, (max-width: 300px) 100vw, 300px\" \/>\u00a0 L<\/strong>a diputada del bloque\u00a0<strong>UCR + Cambio Federal<\/strong>,\u00a0<strong>Silvina Vaccarezza<\/strong>, ingres\u00f3 en la\u00a0<strong>Legislatura<\/strong>\u00a0<strong>bonaerense\u00a0<\/strong>el primer proyecto de ley de ahorro el\u00e9ctrico, con el que busca la <strong>eficiencia del uso de la energ\u00eda\u00a0<\/strong>en edificios p\u00fablicos del Gobierno de la provincia de Buenos Aires, como tambi\u00e9n una iniciativa para optimizar el\u00a0<strong>gasto de gas<\/strong>\u00a0en las escuelas provinciales.<\/p>\n<p>En concreto,\u00a0<strong>Vaccarezza<\/strong>\u00a0busca crear el \u201c<strong>R\u00e9gimen de Ahorro El\u00e9ctrico<\/strong>\u201d, con el que los edificios p\u00fablicos bonaerenses podr\u00e1n\u00a0<strong>administrar de una mejor forma la luz<\/strong>\u00a0a trav\u00e9s de medidas para mejorar la eficiencia el\u00e9ctrica, criterios para gestionarla, y una concientizaci\u00f3n al personal en el uso racional de los recursos.<\/p>\n<p>\u201cEsto implica utilizar solo aquella que resulte necesaria para llevar a cabo un proceso y discontinuar su uso una vez que el mismo finaliz\u00f3. De esta manera, adem\u00e1s de cuidar el ambiente,\u00a0<strong>se logran importantes ahorros econ\u00f3micos<\/strong>\u201d, se\u00f1al\u00f3 la legisladora.<\/p>\n<p>En ese sentido, el\u00a0<strong>R\u00e9gimen de Ahorro El\u00e9ctrico<\/strong>\u00a0fija metas concretas de reducci\u00f3n progresiva del consumo de energ\u00eda a tres, cinco y diez a\u00f1os desde su reglamentaci\u00f3n. Adem\u00e1s,\u00a0<strong>preve\u00e9 la implementaci\u00f3n de un sistema de monitoreo del uso el\u00e9ctrico en cada uno de los edificios del Gobierno bonaerense<\/strong>.<\/p>\n<p>\u201cSe busca que este r\u00e9gimen sea un disparador para que las <strong>buenas pr\u00e1cticas de la poblaci\u00f3n\u00a0tengan su r\u00e9plica en los 135 municipios de la provincia<\/strong>, alcanzando resultados concretos en el corto plazo\u201d, resalt\u00f3 la diputada.<\/p>\n<p>Adem\u00e1s, la iniciativa\u00a0<strong>Vaccarezza<\/strong>\u00a0exige que los administradores energ\u00e9ticos de los edificios p\u00fablicos bonaerenses carguen los datos correspondientes de las instalaciones en un\u00a0<strong>registro mensual de los consumos de energ\u00eda<\/strong>, con el fin de detectar un potencial\u00a0<strong>ahorro econ\u00f3mico<\/strong>\u00a0con el an\u00e1lisis de la facturaci\u00f3n, y\/o un\u00a0<strong>ahorro energ\u00e9tico<\/strong>\u00a0a partir del relevamiento de los principales equipos consumidores.<\/p>\n<p>Por otro lado, la diputada del bloque<strong>\u00a0UCR + Cambio Federal\u00a0<\/strong>tambi\u00e9n elev\u00f3 un proyecto de declaraci\u00f3n para que el Gobierno bonaerense implemente\u00a0<strong>\u201cun plan de uso racional y eficiente de energ\u00eda para todas sus dependencias<\/strong>\u201d, as\u00ed como tambi\u00e9n realice\u00a0<strong>campa\u00f1as publicitarias\u00a0<\/strong>orientadas a la <strong>educaci\u00f3n de los docentes y alumnos sobre el uso racional y ahorro de luz y el gas.<\/strong><\/p>\n<p>Seg\u00fan expuso\u00a0<strong>Vaccarezza\u00a0<\/strong>en los fundamentos del proyecto, el uso racional y eficiente de la\u00a0<strong>energ\u00eda\u00a0<\/strong>significa\u00a0<strong>el \u201cmanejo planificado\u201d requerido para la producci\u00f3n o la prestaci\u00f3n de un servicio, que concede especial atenci\u00f3n a la protecci\u00f3n del medio ambiente<\/strong>.<\/p>\n<p>Vale mencionar que, los proyectos de\u00a0<strong>Vaccarezza<\/strong>\u00a0sobre el uso de la\u00a0<strong>energ\u00eda el\u00e9ctrica<\/strong>\u00a0en edificios p\u00fablicos cuentan con el acompa\u00f1amiento de sus compa\u00f1eros del bloque\u00a0<strong>UCR + Cambio<\/strong>\u00a0<strong>Federal<\/strong>, los diputados\u00a0<strong>Emiliano Balb\u00edn<\/strong>,\u00a0<strong>Valent\u00edn Miranda<\/strong>, y\u00a0<strong>Bel\u00e9n<\/strong>\u00a0<strong>Malaisi<\/strong>. <strong>(VW)<\/strong><\/p>\n","protected":false},"excerpt":{"rendered":"<p>Buscan crear un \u201cR\u00e9gimen de Ahorro El\u00e9ctrico\u201d en edificios p\u00fablicos del Gobierno provincial. Tambi\u00e9n presentaron un proyecto sobre el uso racional y ahorro de luz y el gas en escuelas.<\/p>\n","protected":false},"author":4,"featured_media":10255,"comment_status":"closed","ping_status":"closed","sticky":false,"template":"","format":"standard","meta":{"_monsterinsights_skip_tracking":false,"_monsterinsights_sitenote_active":false,"_monsterinsights_sitenote_note":"","_monsterinsights_sitenote_category":0,"footnotes":""},"categories":[8,4],"tags":[6285,2240,6284,6283],"class_list":["post-14965","post","type-post","status-publish","format-standard","has-post-thumbnail","hentry","category-interes-general","category-politica","tag-dependencias-publicas","tag-legislatura-bonaerense","tag-proyectos-ahorrode-energia","tag-silvina-vaccarezza"],"_links":{"self":[{"href":"https:\/\/www.visionweb.com.ar\/index.php?rest_route=\/wp\/v2\/posts\/14965","targetHints":{"allow":["GET"]}}],"collection":[{"href":"https:\/\/www.visionweb.com.ar\/index.php?rest_route=\/wp\/v2\/posts"}],"about":[{"href":"https:\/\/www.visionweb.com.ar\/index.php?rest_route=\/wp\/v2\/types\/post"}],"author":[{"embeddable":true,"href":"https:\/\/www.visionweb.com.ar\/index.php?rest_route=\/wp\/v2\/users\/4"}],"replies":[{"embeddable":true,"href":"https:\/\/www.visionweb.com.ar\/index.php?rest_route=%2Fwp%2Fv2%2Fcomments&post=14965"}],"version-history":[{"count":1,"href":"https:\/\/www.visionweb.com.ar\/index.php?rest_route=\/wp\/v2\/posts\/14965\/revisions"}],"predecessor-version":[{"id":14966,"href":"https:\/\/www.visionweb.com.ar\/index.php?rest_route=\/wp\/v2\/posts\/14965\/revisions\/14966"}],"wp:featuredmedia":[{"embeddable":true,"href":"https:\/\/www.visionweb.com.ar\/index.php?rest_route=\/wp\/v2\/media\/10255"}],"wp:attachment":[{"href":"https:\/\/www.visionweb.com.ar\/index.php?rest_route=%2Fwp%2Fv2%2Fmedia&parent=14965"}],"wp:term":[{"taxonomy":"category","embeddable":true,"href":"https:\/\/www.visionweb.com.ar\/index.php?rest_route=%2Fwp%2Fv2%2Fcategories&post=14965"},{"taxonomy":"post_tag","embeddable":true,"href":"https:\/\/www.visionweb.com.ar\/index.php?rest_route=%2Fwp%2Fv2%2Ftags&post=14965"}],"curies":[{"name":"wp","href":"https:\/\/api.w.org\/{rel}","templated":true}]}}