{"id":14963,"date":"2024-06-25T17:44:18","date_gmt":"2024-06-25T20:44:18","guid":{"rendered":"https:\/\/www.visionweb.com.ar\/?p=14963"},"modified":"2024-06-25T17:44:18","modified_gmt":"2024-06-25T20:44:18","slug":"provincia-aumento-el-monto-de-asignaciones-sociales-y-comprara-libros-para-repartir-en-bibliotecas","status":"publish","type":"post","link":"https:\/\/www.visionweb.com.ar\/?p=14963","title":{"rendered":"Provincia aument\u00f3 el monto de asignaciones sociales y comprar\u00e1 libros para repartir en bibliotecas"},"content":{"rendered":"<p><strong><em>Aumentar\u00e1 el 100% las asignaciones para tres programas.<\/em> <em>En lo que va del a\u00f1o la inversi\u00f3n del Estado provincial en ese segmento ya creci\u00f3 un 250%.<\/em> Tambi\u00e9n <em>comprar\u00e1 de 28 mil publicaciones a editoriales bonaerenses para bibliotecas.<\/em><\/strong><!--more--><\/p>\n<p><strong>\u00a0 <img loading=\"lazy\" decoding=\"async\" class=\"size-full wp-image-6018 alignright\" src=\"https:\/\/www.visionweb.com.ar\/wp-content\/uploads\/2022\/06\/libros-ii.bmp\" alt=\"\" width=\"481\" height=\"261\" \/>\u00a0 E<\/strong>l <strong>Gobierno bonaerense<\/strong> anunci\u00f3 un aumento del 100% en tres programas sociales del Ministerio de Desarrollo de la Comunidad, como tambi\u00e9n la compra de 28 mil publicaciones a editoriales bonaerenses para ser repartidas en 500 bibliotecas.<\/p>\n<p>Ambos anuncios fueron hechos en la Gobernaci\u00f3n bonaerense por el ministro de Gobierno, <strong>Carlos Bianco<\/strong>, y la presidenta del Instituto Cultural, <strong>Florencia Saintut<\/strong>, ayer en una conferencia que cont\u00f3 con la presencia del gobernador <strong>Axel Kicillof<\/strong>.<\/p>\n<p>En ese sentido, Bianco inform\u00f3 que <strong>el Ministerio de Desarrollo de la Comunidad aument\u00f3 un 100% los montos de prestaciones sociales destinadas al acompa\u00f1amiento alimentario<\/strong>: la inversi\u00f3n mensual pasar\u00e1 a ser de $1.300 millones y alcanzar\u00e1 al programa M\u00e1s Vida y a las iniciativas para personas con celiaqu\u00eda (PAAC) y pacientes con VIH (PAAI).<\/p>\n<p>De esta forma, en lo que va del a\u00f1o <strong>la inversi\u00f3n del Estado provincial en estos programas ya creci\u00f3 un 250%.<\/strong><\/p>\n<p>Adem\u00e1s, el ministro cont\u00f3 que \u201ceste martes tendr\u00e1 lugar la peri\u00f3dica reuni\u00f3n del Consejo Provincial de H\u00e1bitat con un objetivo muy particular y totalmente necesario: lanzar un proceso amplio de debate que resulte en un nuevo proyecto de ley que actualice las leyes de ordenamiento urbano territorial y las leyes de acceso justo al h\u00e1bitat\u201d.<\/p>\n<p>En tanto, Saintout present\u00f3 la segunda edici\u00f3n del <strong>Plan de Fortalecimiento del Libro y la Lectura<\/strong>, que incluye el apoyo a 30 Ferias del Libro autogestivas y municipales, y la <strong>compra de 28 mil publicaciones a editoriales bonaerenses para ser repartidas en 500 bibliotecas<\/strong>.<\/p>\n<p>\u201cLas medidas econ\u00f3micas que lleva adelante el Gobierno nacional impactan no solo en la promoci\u00f3n de la cultura, sino tambi\u00e9n en miles de trabajadores de editoriales, librer\u00edas y ferias\u201d, se\u00f1al\u00f3 la funcionaria. Y agreg\u00f3: \u201cFrente a esto, <strong>en la provincia profundizamos el acompa\u00f1amiento a este sector<\/strong>, porque entendemos que los libros y la lectura son un derecho y un eje de nuestra identidad\u201d.<\/p>\n<p>Adem\u00e1s, en los <strong>pr\u00f3ximos meses se realizar\u00e1 el Tercer Encuentro Provincial de Bibliotecas Populares<\/strong>; el Segundo Festival Bonaerenses de Poes\u00eda; y el Concurso de Poes\u00eda N\u00e9stor Perlongher. <strong>(VW)<\/strong><\/p>\n<p>&nbsp;<\/p>\n","protected":false},"excerpt":{"rendered":"<p>Aumentar\u00e1 el 100% las asignaciones para tres programas. En lo que va del a\u00f1o la inversi\u00f3n del Estado provincial en ese segmento ya creci\u00f3 un 250%. Tambi\u00e9n comprar\u00e1 de 28 mil publicaciones a editoriales&#46;&#46;&#46;<\/p>\n","protected":false},"author":4,"featured_media":6018,"comment_status":"closed","ping_status":"closed","sticky":false,"template":"","format":"standard","meta":{"_monsterinsights_skip_tracking":false,"_monsterinsights_sitenote_active":false,"_monsterinsights_sitenote_note":"","_monsterinsights_sitenote_category":0,"footnotes":""},"categories":[8,4],"tags":[6281,540,6282,167,356],"class_list":["post-14963","post","type-post","status-publish","format-standard","has-post-thumbnail","hentry","category-interes-general","category-politica","tag-aumento-monto-asignaciones-sociales","tag-bianco","tag-compra-de-libros","tag-kicillof","tag-provincia"],"_links":{"self":[{"href":"https:\/\/www.visionweb.com.ar\/index.php?rest_route=\/wp\/v2\/posts\/14963","targetHints":{"allow":["GET"]}}],"collection":[{"href":"https:\/\/www.visionweb.com.ar\/index.php?rest_route=\/wp\/v2\/posts"}],"about":[{"href":"https:\/\/www.visionweb.com.ar\/index.php?rest_route=\/wp\/v2\/types\/post"}],"author":[{"embeddable":true,"href":"https:\/\/www.visionweb.com.ar\/index.php?rest_route=\/wp\/v2\/users\/4"}],"replies":[{"embeddable":true,"href":"https:\/\/www.visionweb.com.ar\/index.php?rest_route=%2Fwp%2Fv2%2Fcomments&post=14963"}],"version-history":[{"count":1,"href":"https:\/\/www.visionweb.com.ar\/index.php?rest_route=\/wp\/v2\/posts\/14963\/revisions"}],"predecessor-version":[{"id":14964,"href":"https:\/\/www.visionweb.com.ar\/index.php?rest_route=\/wp\/v2\/posts\/14963\/revisions\/14964"}],"wp:featuredmedia":[{"embeddable":true,"href":"https:\/\/www.visionweb.com.ar\/index.php?rest_route=\/wp\/v2\/media\/6018"}],"wp:attachment":[{"href":"https:\/\/www.visionweb.com.ar\/index.php?rest_route=%2Fwp%2Fv2%2Fmedia&parent=14963"}],"wp:term":[{"taxonomy":"category","embeddable":true,"href":"https:\/\/www.visionweb.com.ar\/index.php?rest_route=%2Fwp%2Fv2%2Fcategories&post=14963"},{"taxonomy":"post_tag","embeddable":true,"href":"https:\/\/www.visionweb.com.ar\/index.php?rest_route=%2Fwp%2Fv2%2Ftags&post=14963"}],"curies":[{"name":"wp","href":"https:\/\/api.w.org\/{rel}","templated":true}]}}