{"id":14959,"date":"2024-06-25T08:44:47","date_gmt":"2024-06-25T11:44:47","guid":{"rendered":"https:\/\/www.visionweb.com.ar\/?p=14959"},"modified":"2024-06-25T08:44:47","modified_gmt":"2024-06-25T11:44:47","slug":"ferrocarriles-servicio-normal-en-todos-los-ramales","status":"publish","type":"post","link":"https:\/\/www.visionweb.com.ar\/?p=14959","title":{"rendered":"Ferrocarriles: Servicio normal en todos los ramales"},"content":{"rendered":"<p><em><strong>A \u00faltima hora de la noche, la Fraternidad acat\u00f3 una nueva conciliaci\u00f3n obligatoria y levnat\u00f3 la medida de fuerza prevista para hoy.<\/strong><\/em><!--more--><\/p>\n<p><img loading=\"lazy\" decoding=\"async\" class=\"size-medium wp-image-6520 alignright\" src=\"https:\/\/www.visionweb.com.ar\/wp-content\/uploads\/2022\/07\/trenes-estacion-277x300.jpg\" alt=\"\" width=\"277\" height=\"300\" srcset=\"https:\/\/www.visionweb.com.ar\/wp-content\/uploads\/2022\/07\/trenes-estacion-277x300.jpg 277w, https:\/\/www.visionweb.com.ar\/wp-content\/uploads\/2022\/07\/trenes-estacion.jpg 500w\" sizes=\"auto, (max-width: 277px) 100vw, 277px\" \/>La Secretar\u00eda de Trabajo fren\u00f3\u00a0<a href=\"https:\/\/www.inforegion.com.ar\/2024\/06\/23\/el-martes-los-trenes-funcionaran-mas-lento-como-medida-de-protesta\/\">la medida de fuerza<\/a>\u00a0que convoc\u00f3 el gremio de La Fraternidad para hoy martes y de esta manera\u00a0<strong>los trenes que comunican el AMBA funcionar\u00e1n con normalidad.<\/strong><\/p>\n<p><strong>Desde el gremio informaron que acatar\u00e1n la conciliaci\u00f3n obligatoria<\/strong>\u00a0que dispuso el Gobierno.<\/p>\n<p>La protesta anticipada por los ferroviarios indicaba que las formaciones circulen a solo 30 km\/h, cuando suelen funcionar a velocidades de entre los 60 y 80 km\/h.<\/p>\n<p>La medida -explicaron- se iba a realizar para\u00a0<strong>reclamar mejoras salariales.<\/strong><\/p>\n<p>El gremio, en ese sentido difundi\u00f3 un comunicado de prensa en el que anunci\u00f3 a la opini\u00f3n p\u00fablica que frente a una comunicaci\u00f3n de la Secretar\u00eda de Trabaja que convoc\u00f3 a la,aplicaci\u00f3n de la conciliaci\u00f3n obligatoria, la media de fuerza programada para la fecha\u00a0 fue suspendida.<\/p>\n<p>El gremio ferroviario y hab\u00eda dispuesto para este martes una medida de protestas wur consitir\u00eda en circular con los trenes a 30 kil\u00f3metros por hora,similar a la que se realiz\u00f3 se,amas atr\u00e1s (VW)<\/p>\n<p>&nbsp;<\/p>\n","protected":false},"excerpt":{"rendered":"<p>A \u00faltima hora de la noche, la Fraternidad acat\u00f3 una nueva conciliaci\u00f3n obligatoria y levnat\u00f3 la medida de fuerza prevista para hoy.<\/p>\n","protected":false},"author":3,"featured_media":6520,"comment_status":"closed","ping_status":"closed","sticky":false,"template":"","format":"standard","meta":{"_monsterinsights_skip_tracking":false,"_monsterinsights_sitenote_active":false,"_monsterinsights_sitenote_note":"","_monsterinsights_sitenote_category":0,"footnotes":""},"categories":[8],"tags":[6277,5682,242],"class_list":["post-14959","post","type-post","status-publish","format-standard","has-post-thumbnail","hentry","category-interes-general","tag-conciliacion","tag-fraternidad","tag-trabajo"],"_links":{"self":[{"href":"https:\/\/www.visionweb.com.ar\/index.php?rest_route=\/wp\/v2\/posts\/14959","targetHints":{"allow":["GET"]}}],"collection":[{"href":"https:\/\/www.visionweb.com.ar\/index.php?rest_route=\/wp\/v2\/posts"}],"about":[{"href":"https:\/\/www.visionweb.com.ar\/index.php?rest_route=\/wp\/v2\/types\/post"}],"author":[{"embeddable":true,"href":"https:\/\/www.visionweb.com.ar\/index.php?rest_route=\/wp\/v2\/users\/3"}],"replies":[{"embeddable":true,"href":"https:\/\/www.visionweb.com.ar\/index.php?rest_route=%2Fwp%2Fv2%2Fcomments&post=14959"}],"version-history":[{"count":1,"href":"https:\/\/www.visionweb.com.ar\/index.php?rest_route=\/wp\/v2\/posts\/14959\/revisions"}],"predecessor-version":[{"id":14960,"href":"https:\/\/www.visionweb.com.ar\/index.php?rest_route=\/wp\/v2\/posts\/14959\/revisions\/14960"}],"wp:featuredmedia":[{"embeddable":true,"href":"https:\/\/www.visionweb.com.ar\/index.php?rest_route=\/wp\/v2\/media\/6520"}],"wp:attachment":[{"href":"https:\/\/www.visionweb.com.ar\/index.php?rest_route=%2Fwp%2Fv2%2Fmedia&parent=14959"}],"wp:term":[{"taxonomy":"category","embeddable":true,"href":"https:\/\/www.visionweb.com.ar\/index.php?rest_route=%2Fwp%2Fv2%2Fcategories&post=14959"},{"taxonomy":"post_tag","embeddable":true,"href":"https:\/\/www.visionweb.com.ar\/index.php?rest_route=%2Fwp%2Fv2%2Ftags&post=14959"}],"curies":[{"name":"wp","href":"https:\/\/api.w.org\/{rel}","templated":true}]}}