{"id":14956,"date":"2024-06-25T08:34:11","date_gmt":"2024-06-25T11:34:11","guid":{"rendered":"https:\/\/www.visionweb.com.ar\/?p=14956"},"modified":"2024-06-25T08:34:11","modified_gmt":"2024-06-25T11:34:11","slug":"por-el-ajuste-y-la-caida-del-consumo-el-pbi-se-desplomo-51-en-el-primer-trimestre","status":"publish","type":"post","link":"https:\/\/www.visionweb.com.ar\/?p=14956","title":{"rendered":"Por el ajuste y la ca\u00edda del consumo, el PBI se desplom\u00f3 5,1% en el primer trimestre"},"content":{"rendered":"<p><em><strong>Es el mayor derrumbe en la econom\u00eda desde la \u00faltima recesi\u00f3n por la pandemia. El consumo privado se hundi\u00f3 casi un 7%.<\/strong><\/em><!--more--><\/p>\n<p><img loading=\"lazy\" decoding=\"async\" class=\"size-medium wp-image-403 alignright\" src=\"https:\/\/www.visionweb.com.ar\/wp-content\/uploads\/2020\/11\/CONSUMO-FIN-DE-ANO-300x167.png\" alt=\"\" width=\"300\" height=\"167\" srcset=\"https:\/\/www.visionweb.com.ar\/wp-content\/uploads\/2020\/11\/CONSUMO-FIN-DE-ANO-300x167.png 300w, https:\/\/www.visionweb.com.ar\/wp-content\/uploads\/2020\/11\/CONSUMO-FIN-DE-ANO-768x429.png 768w, https:\/\/www.visionweb.com.ar\/wp-content\/uploads\/2020\/11\/CONSUMO-FIN-DE-ANO.png 819w\" sizes=\"auto, (max-width: 300px) 100vw, 300px\" \/>En un contexto de fuerte contracci\u00f3n del consumo, la producci\u00f3n industrial y la inversi\u00f3n y en medio de un duro ajuste fiscal y monetario, el\u00a0<strong>Producto Bruto Interno (PBI)\u00a0<\/strong>de la Argentina\u00a0<strong>se derrumb\u00f3 un 5,1% en el primer trimestre de 2024<\/strong>\u00a0en relaci\u00f3n con el mismo per\u00edodo del a\u00f1o anterior.<\/p>\n<p>Se trata de la\u00a0<strong>mayor contracci\u00f3n de la actividad econ\u00f3mica\u00a0<\/strong>desde el tercer trimestre de 2020, cuando todav\u00eda estaban vigentes las restricciones por la\u00a0<strong>pandemia, se\u00f1ala el \u00faltimo informe del INDEC<\/strong>.<\/p>\n<p>A su vez,\u00a0<strong>hubo una retracci\u00f3n del PBI del 2,6%\u00a0<\/strong>en t\u00e9rminos desestacionalizados\u00a0<strong>respecto al cuarto trimestre del a\u00f1o pasado<\/strong>, seg\u00fan los datos que este lunes dio a conocer el Instituto Nacional de Estad\u00edstica y Censos (<strong>Indec<\/strong>).<\/p>\n<p>En el per\u00edodo enero-marzo, las importaciones de\u00a0<strong>bienes y servicios reales se desplomaron un 20,1% interanual<\/strong>, mientras que la formaci\u00f3n bruta de capital fijo tuvo un derrumbe del 23,4%.<\/p>\n<p><img loading=\"lazy\" decoding=\"async\" class=\"size-medium wp-image-14957 alignleft\" src=\"https:\/\/www.visionweb.com.ar\/wp-content\/uploads\/2024\/06\/CAIDA-DE-LA-ACTIVIDAD-300x182.png\" alt=\"\" width=\"300\" height=\"182\" srcset=\"https:\/\/www.visionweb.com.ar\/wp-content\/uploads\/2024\/06\/CAIDA-DE-LA-ACTIVIDAD-300x182.png 300w, https:\/\/www.visionweb.com.ar\/wp-content\/uploads\/2024\/06\/CAIDA-DE-LA-ACTIVIDAD-768x467.png 768w, https:\/\/www.visionweb.com.ar\/wp-content\/uploads\/2024\/06\/CAIDA-DE-LA-ACTIVIDAD.png 800w\" sizes=\"auto, (max-width: 300px) 100vw, 300px\" \/>La disminuci\u00f3n de la formaci\u00f3n bruta de capital fijo se explica por la\u00a0<strong>ca\u00edda de 26,6% de la inversi\u00f3n en construcciones<\/strong>, el aumento de 9,1% de otras construcciones, el descenso de 26,3% en maquinaria y equipo y la ca\u00edda de 20,7% en equipo de transporte. Los m\u00e1s afectados por la ca\u00edda de la actividad fueron construcci\u00f3n (19,7%), industria (13,7%) y el sector financiero (13%).<\/p>\n<p>El escenario negativo, luego de la devaluaci\u00f3n del tipo de cambio, la aceleraci\u00f3n inflacionaria (57,3% en el per\u00edodo) y la ca\u00edda del poder adquisitivo de salarios y jubilaciones, tambi\u00e9n tuvo como consecuencia<strong>\u00a0una baja del 6,7% interanual en el consumo privado<\/strong>, principal componente del PBI argentino. A su vez, el ajuste del gasto p\u00fablico, entre recorte de partidas y eliminaci\u00f3n de programas, se reflej\u00f3 en una contracci\u00f3n del 5% interanual en el consumo privado.<\/p>\n<p>&nbsp;<\/p>\n","protected":false},"excerpt":{"rendered":"<p>Es el mayor derrumbe en la econom\u00eda desde la \u00faltima recesi\u00f3n por la pandemia. El consumo privado se hundi\u00f3 casi un 7%.<\/p>\n","protected":false},"author":3,"featured_media":403,"comment_status":"closed","ping_status":"closed","sticky":false,"template":"","format":"standard","meta":{"_monsterinsights_skip_tracking":false,"_monsterinsights_sitenote_active":false,"_monsterinsights_sitenote_note":"","_monsterinsights_sitenote_category":0,"footnotes":""},"categories":[8],"tags":[],"class_list":["post-14956","post","type-post","status-publish","format-standard","has-post-thumbnail","hentry","category-interes-general"],"_links":{"self":[{"href":"https:\/\/www.visionweb.com.ar\/index.php?rest_route=\/wp\/v2\/posts\/14956","targetHints":{"allow":["GET"]}}],"collection":[{"href":"https:\/\/www.visionweb.com.ar\/index.php?rest_route=\/wp\/v2\/posts"}],"about":[{"href":"https:\/\/www.visionweb.com.ar\/index.php?rest_route=\/wp\/v2\/types\/post"}],"author":[{"embeddable":true,"href":"https:\/\/www.visionweb.com.ar\/index.php?rest_route=\/wp\/v2\/users\/3"}],"replies":[{"embeddable":true,"href":"https:\/\/www.visionweb.com.ar\/index.php?rest_route=%2Fwp%2Fv2%2Fcomments&post=14956"}],"version-history":[{"count":1,"href":"https:\/\/www.visionweb.com.ar\/index.php?rest_route=\/wp\/v2\/posts\/14956\/revisions"}],"predecessor-version":[{"id":14958,"href":"https:\/\/www.visionweb.com.ar\/index.php?rest_route=\/wp\/v2\/posts\/14956\/revisions\/14958"}],"wp:featuredmedia":[{"embeddable":true,"href":"https:\/\/www.visionweb.com.ar\/index.php?rest_route=\/wp\/v2\/media\/403"}],"wp:attachment":[{"href":"https:\/\/www.visionweb.com.ar\/index.php?rest_route=%2Fwp%2Fv2%2Fmedia&parent=14956"}],"wp:term":[{"taxonomy":"category","embeddable":true,"href":"https:\/\/www.visionweb.com.ar\/index.php?rest_route=%2Fwp%2Fv2%2Fcategories&post=14956"},{"taxonomy":"post_tag","embeddable":true,"href":"https:\/\/www.visionweb.com.ar\/index.php?rest_route=%2Fwp%2Fv2%2Ftags&post=14956"}],"curies":[{"name":"wp","href":"https:\/\/api.w.org\/{rel}","templated":true}]}}