{"id":14952,"date":"2024-06-24T17:12:21","date_gmt":"2024-06-24T20:12:21","guid":{"rendered":"https:\/\/www.visionweb.com.ar\/?p=14952"},"modified":"2024-06-24T17:12:58","modified_gmt":"2024-06-24T20:12:58","slug":"el-municipio-de-lanus-pone-en-marcha-un-operativo-para-obtener-el-dni","status":"publish","type":"post","link":"https:\/\/www.visionweb.com.ar\/?p=14952","title":{"rendered":"El municipio de Lan\u00fas pone en marcha un operativo para obtener el DNI"},"content":{"rendered":"<p><em><strong>Tambi\u00e9n se abri\u00f3 la inscripci\u00f3n para diferentes cursos de capacitaci\u00f3n. Se dicataran en la UNLa y en el ISCAM.<\/strong><\/em>\u00a0 <!--more--><\/p>\n<p><img loading=\"lazy\" decoding=\"async\" class=\"size-medium wp-image-14953 alignright\" src=\"https:\/\/www.visionweb.com.ar\/wp-content\/uploads\/2024\/06\/DOCUMENTOS-300x181.jpg\" alt=\"\" width=\"300\" height=\"181\" srcset=\"https:\/\/www.visionweb.com.ar\/wp-content\/uploads\/2024\/06\/DOCUMENTOS-300x181.jpg 300w, https:\/\/www.visionweb.com.ar\/wp-content\/uploads\/2024\/06\/DOCUMENTOS.jpg 700w\" sizes=\"auto, (max-width: 300px) 100vw, 300px\" \/>Desde este lunes 24 y hasta el viernes 28 de Junio, el municipio de\u00a0 Lan\u00fas realiza los Operativos de Documentaci\u00f3n para tramitar DNI, partidas, certificados de domicilio y extrav\u00edo de DNI, certificados de pre-identificaci\u00f3n (CPI), empadronamiento de personas extranjeras y tr\u00e1mites de cambio de g\u00e9nero.<\/p>\n<p>A continuaci\u00f3n, cu\u00e1ndo y d\u00f3nde van a estar los dispositivos territoriales:<\/p>\n<p>Centro de Jubilados y Pensionados Recreativo &#8211; Villa Diamante (San Vladimiro 5540, Lan\u00fas Oeste)<br \/>\nLunes 24 &#8211; Martes 25 de Junio de 9 a 15hs.<\/p>\n<p>Nido &#8211; Villa Jard\u00edn (Pasaje Aguirre y Jos\u00e9 Mar\u00eda Moreno, Lan\u00fas Oeste)<br \/>\nMi\u00e9rcoles 26 de Junio de 9 a 15hs.<\/p>\n<p>Nido &#8211; Monte Chingolo (Pit\u00e1goras 4500, Monte Chingolo)<br \/>\nJueves 27 y Viernes\u00a028\u00a0de\u00a09\u00a0a\u00a015hs.<\/p>\n<h4><strong>Capacitaci\u00f3n<\/strong><\/h4>\n<p>Por otra parte, el Municipio\u00a0anunci\u00f3 nuevos cursos en su Escuela de Formaci\u00f3n Laboral, destinada a trabajadores y trabajadoras de la Econom\u00eda Social y Popular de la localidad.<\/p>\n<p>Los interesados en capacitarse, se podr\u00e1n inscribir v\u00eda whatsapp escribiendo un mensaje al 1151360760.<\/p>\n<p>Los dos cursos que se dictar\u00e1n:<\/p>\n<p><strong>Curso de costos<\/strong><\/p>\n<p>Tiene como objetivo conocer m\u00e1s sobre las herramientas econ\u00f3micas, contables y administrativas de los emprendimientos productivos.<\/p>\n<p>D\u00eda y horario de cursada:<br \/>\n24 de junio y 1 de julio<\/p>\n<p>Lugar de cursada:<br \/>\nUNLa<\/p>\n<p>Inicio:<br \/>\n24 de junio<\/p>\n<p>Duraci\u00f3n:<br \/>\n2 encuentros presenciales<\/p>\n<p><strong>Curso de Pasta de piedra\u00a0<\/strong><\/p>\n<p>En este curso se aprender\u00e1 a utilizar esta t\u00e9cnica art\u00edstica que se usa en la artesan\u00eda de macetas, esculturas y otros objetos de decoraci\u00f3n.<\/p>\n<p>D\u00eda y horario de cursada:<br \/>\nMartes de 14 a 16:30 hs<\/p>\n<p>Lugar de cursada:<br \/>\nICAM<\/p>\n<p>Inicio:<br \/>\n25 de junio<\/p>\n<p>Duraci\u00f3n:<br \/>\n4 encuentros\u00a0presenciales.<\/p>\n<div id=\"m_8610112808170452224signature\"><strong>(VW)<\/strong><\/div>\n<p>&nbsp;<\/p>\n","protected":false},"excerpt":{"rendered":"<p>Tambi\u00e9n se abri\u00f3 la inscripci\u00f3n para diferentes cursos de capacitaci\u00f3n. Se dicataran en la UNLa y en el ISCAM.\u00a0<\/p>\n","protected":false},"author":3,"featured_media":14953,"comment_status":"closed","ping_status":"closed","sticky":false,"template":"","format":"standard","meta":{"_monsterinsights_skip_tracking":false,"_monsterinsights_sitenote_active":false,"_monsterinsights_sitenote_note":"","_monsterinsights_sitenote_category":0,"footnotes":""},"categories":[7],"tags":[949,6276,850],"class_list":["post-14952","post","type-post","status-publish","format-standard","has-post-thumbnail","hentry","category-educacion-y-cultura","tag-capacitacion","tag-cursoso","tag-inscripcion"],"_links":{"self":[{"href":"https:\/\/www.visionweb.com.ar\/index.php?rest_route=\/wp\/v2\/posts\/14952","targetHints":{"allow":["GET"]}}],"collection":[{"href":"https:\/\/www.visionweb.com.ar\/index.php?rest_route=\/wp\/v2\/posts"}],"about":[{"href":"https:\/\/www.visionweb.com.ar\/index.php?rest_route=\/wp\/v2\/types\/post"}],"author":[{"embeddable":true,"href":"https:\/\/www.visionweb.com.ar\/index.php?rest_route=\/wp\/v2\/users\/3"}],"replies":[{"embeddable":true,"href":"https:\/\/www.visionweb.com.ar\/index.php?rest_route=%2Fwp%2Fv2%2Fcomments&post=14952"}],"version-history":[{"count":2,"href":"https:\/\/www.visionweb.com.ar\/index.php?rest_route=\/wp\/v2\/posts\/14952\/revisions"}],"predecessor-version":[{"id":14955,"href":"https:\/\/www.visionweb.com.ar\/index.php?rest_route=\/wp\/v2\/posts\/14952\/revisions\/14955"}],"wp:featuredmedia":[{"embeddable":true,"href":"https:\/\/www.visionweb.com.ar\/index.php?rest_route=\/wp\/v2\/media\/14953"}],"wp:attachment":[{"href":"https:\/\/www.visionweb.com.ar\/index.php?rest_route=%2Fwp%2Fv2%2Fmedia&parent=14952"}],"wp:term":[{"taxonomy":"category","embeddable":true,"href":"https:\/\/www.visionweb.com.ar\/index.php?rest_route=%2Fwp%2Fv2%2Fcategories&post=14952"},{"taxonomy":"post_tag","embeddable":true,"href":"https:\/\/www.visionweb.com.ar\/index.php?rest_route=%2Fwp%2Fv2%2Ftags&post=14952"}],"curies":[{"name":"wp","href":"https:\/\/api.w.org\/{rel}","templated":true}]}}