{"id":14949,"date":"2024-06-24T11:10:17","date_gmt":"2024-06-24T14:10:17","guid":{"rendered":"https:\/\/www.visionweb.com.ar\/?p=14949"},"modified":"2024-06-24T11:10:17","modified_gmt":"2024-06-24T14:10:17","slug":"provincia-comienzan-obras-en-la-ruta-2-con-reduccion-de-carriles-por-tres-meses-y-se-vienen-aumentos-de-autopistas","status":"publish","type":"post","link":"https:\/\/www.visionweb.com.ar\/?p=14949","title":{"rendered":"Provincia: Comienzan obras en la Ruta 2 con reducci\u00f3n de carriles por tres meses, y se vienen aumentos de autopistas"},"content":{"rendered":"<p><em><strong>La provincia de Buenos Aires comenz\u00f3 obras en la Ruta 2 y habr\u00e1 reducci\u00f3n de carriles\u00a0por\u00a0tres meses\u00a0en el tramo que pasa por la localidad de\u00a0Samboromb\u00f3n.\u00a0A la vez, habr\u00e1 audiencia p\u00fablica para tratar el aumento de AUBASA, cuyo incremento llegar\u00eda en agosto.<\/strong><\/em><!--more--><\/p>\n<p><img loading=\"lazy\" decoding=\"async\" class=\"size-medium wp-image-14950 alignright\" src=\"https:\/\/www.visionweb.com.ar\/wp-content\/uploads\/2024\/06\/ruta-2-obras-300x199.png\" alt=\"\" width=\"300\" height=\"199\" srcset=\"https:\/\/www.visionweb.com.ar\/wp-content\/uploads\/2024\/06\/ruta-2-obras-300x199.png 300w, https:\/\/www.visionweb.com.ar\/wp-content\/uploads\/2024\/06\/ruta-2-obras.png 472w\" sizes=\"auto, (max-width: 300px) 100vw, 300px\" \/>\u00a0\u00a0 <strong>L<\/strong>as autoridades de la\u00a0<strong>provincia de Buenos Aires\u00a0<\/strong>en conjunto con los directivos de la empresa estatal bonaerense\u00a0<strong>Autopistas de Buenos Aires\u00a0<\/strong>(<strong>AUBASA<\/strong>), iniciaron oficialmente este lunes las\u00a0<strong>obras<\/strong>\u00a0que se realizar\u00e1n en la\u00a0<strong>Ruta 2<\/strong>, que comprenden la\u00a0<strong>repavimentaci\u00f3n<\/strong>,\u00a0<strong>puesta en valor\u00a0<\/strong>y\u00a0<strong>mejora de la iluminaci\u00f3n\u00a0<\/strong>de un tramo.<\/p>\n<p>En el marco de la puesta en valor y la mejora de la iluminaci\u00f3n del\u00a0<strong>puente\u00a0<\/strong>ubicado en el\u00a0<strong>kil\u00f3metro 92,6\u00a0<\/strong>de la\u00a0<strong>Ruta 2<\/strong>, las autoridades bonaerenses y la empresa\u00a0<strong>AUBASA\u00a0<\/strong>anunciaron la\u00a0<strong>reducci\u00f3n de carriles\u00a0<\/strong>por\u00a0<strong>tres meses\u00a0<\/strong>en el tramo que pasa por la localidad de\u00a0<strong>Samboromb\u00f3n<\/strong>.<\/p>\n<p>La\u00a0<strong>reducci\u00f3n de carriles\u00a0<\/strong>que durar\u00e1 tres meses ser\u00e1 implementada en la autov\u00eda en direcci\u00f3n a la\u00a0<strong>Ciudad Aut\u00f3noma de Buenos Aires\u00a0<\/strong>(<strong>CABA<\/strong>), ya que el tramo de la\u00a0<strong>Ruta 2\u00a0<\/strong>que se pondr\u00e1 en valor con las\u00a0<strong>obras\u00a0<\/strong>une a la capital con el municipio bonaerense de\u00a0<strong>Mar del Plata<\/strong>.<\/p>\n<p>En tanto, las\u00a0<strong>obras\u00a0<\/strong>en la\u00a0<strong>Ruta 2\u00a0<\/strong>que comenzaron este lunes a primera hora, luego del\u00a0<strong>fin de semana largo\u00a0<\/strong>para no obstruir los carriles para los turistas, tienen el objetivo de\u00a0<strong>optimizar la estructura del puente\u00a0<\/strong>sobre el\u00a0<strong>R\u00edo Samboromb\u00f3n\u00a0<\/strong>y ampliar el camino para que la autov\u00eda reduzca su tiempo de viaje.<\/p>\n<p>\u201cLa repavimentaci\u00f3n de la\u00a0<strong>Ruta Provincial N\u00ba2\u00a0<\/strong>es una\u00a0<strong>obra<\/strong>\u00a0clave para mejorar la conectividad y fortalecer la integraci\u00f3n y el desarrollo tur\u00edstico de la\u00a0<strong>provincia de Buenos Aires<\/strong>. \u00a1Una inversi\u00f3n que estamos impulsando con esfuerzo y decisi\u00f3n pol\u00edtica para transformar el presente y el futuro de los bonaerenses!\u201d, escribi\u00f3 el gobernador\u00a0<strong>Kicillof<\/strong>\u00a0en sus redes sociales.<\/p>\n<p><strong>Nuevo aumento de peajes de AUBASA en las autopistas provinciales.<\/strong><\/p>\n<p>En las \u00faltimas semanas, el Gobierno de la\u00a0<strong>provincia de Buenos Aires\u00a0<\/strong>convoc\u00f3 a trav\u00e9s de\u00a0<strong>AUBASA<\/strong>\u00a0a una nueva\u00a0<strong>audiencia p\u00fablica\u00a0<\/strong>en el que se pondr\u00e1 a consideraci\u00f3n un\u00a0<strong>aumento\u00a0<\/strong>en el costo de los\u00a0<strong>peajes\u00a0<\/strong>de la\u00a0<strong>Autopista La Plata-Buenos Aires\u00a0<\/strong>y el\u00a0<strong>Sistema Vial Integrado del Atl\u00e1ntico\u00a0<\/strong>(<strong>SVIA<\/strong>).<\/p>\n<p>La convocatoria, realizada por el\u00a0<strong>Ministerio de Infraestructura\u00a0<\/strong>bonaerense mediante las resoluciones 736 y 737 publicadas en el\u00a0<strong>Bolet\u00edn Oficial<\/strong>, dispuso que <strong>el pr\u00f3ximo 22 de julio<\/strong> la concesionaria\u00a0<strong>AUBASA\u00a0<\/strong>expondr\u00e1 los \u201cfundamentos t\u00e9cnicos, econ\u00f3micos, financieros y jur\u00eddicos de la propuesta de adecuaci\u00f3n de tarifas y la metodolog\u00eda de actualizaci\u00f3n trimestral\u201d.<\/p>\n<p>En este contexto, <strong>el alza se aplicar\u00e1 una vez finalizado el tr\u00e1mite administrativo de consulta ciudadana, que se llevar\u00e1 a cabo el lunes 22 de julio<\/strong> en el sal\u00f3n Auditorio del Ministerio de Infraestructura en la ciudad de\u00a0<strong>La Plata<\/strong>, por lo que se estima que se ver\u00eda reflejado en los <strong>primeros d\u00edas de agosto<\/strong>.<\/p>\n<p><strong>Los nuevos valores que propone AUBASA para los peajes:<\/strong><\/p>\n<p><strong>Sentido La Plata<\/strong><\/p>\n<ul>\n<li><strong>Peaje Dock Sud, Hudson, Guti\u00e9rrez y Villa Elisa<\/strong>: $1300 y en hora pico $1600 (ahora $500 y $600).<\/li>\n<li><strong>Peaje Bernal, Quilmes y Berazategui<\/strong>: $900 y $1200 hora pico (ahora $400 y $500).<\/li>\n<\/ul>\n<p><strong>Sentido CABA<\/strong><\/p>\n<ul>\n<li>\u00a0<strong>Peaje Hudson<\/strong>:\u00a0 $2.600 y $3.200 hora pico (ahora $1.000 y $1.200).<\/li>\n<li>\u00a0<strong>Peaje Bernal, Quilmes y Berazategui<\/strong>: $2.200 y $2.800 hora pico (ahora $900 y $1.100).<\/li>\n<\/ul>\n<p><strong>Sentido a la Costa Atl\u00e1ntica<\/strong><\/p>\n<ul>\n<li><strong>Peaje Samboromb\u00f3n, Maip\u00fa y La Huella<\/strong>: $4.300 (ahora $1.800).<\/li>\n<li><strong>Peaje General Madariaga<\/strong>: $1.800 (ahora $800).<\/li>\n<li><strong>Peaje Mar Chiquita<\/strong>: $2.000 (ahora $900).<\/li>\n<\/ul>\n<p>El nuevo <strong>incremento<\/strong> en los\u00a0<strong>peajes<\/strong>\u00a0fue argumentado por\u00a0<strong>AUBASA\u00a0<\/strong>en el marco del \u201cdesfase que se produce al actualizar los precios de los componentes principales de los rubros de explotaci\u00f3n, conservaci\u00f3n, mantenimiento y servicios de apoyo\u201d, est\u00e1 <strong>basado en la propuesta de utilizaci\u00f3n de un \u00edndice que refleje adecuadamente el costo de explotaci\u00f3n en el contexto inflacionario actual<\/strong> y que permita mantener la calidad de las prestaciones y la seguridad de los usuarios. <strong>(VW)<\/strong><\/p>\n","protected":false},"excerpt":{"rendered":"<p>La provincia de Buenos Aires comenz\u00f3 obras en la Ruta 2 y habr\u00e1 reducci\u00f3n de carriles\u00a0por\u00a0tres meses\u00a0en el tramo que pasa por la localidad de\u00a0Samboromb\u00f3n.\u00a0A la vez, habr\u00e1 audiencia p\u00fablica para tratar el aumento&#46;&#46;&#46;<\/p>\n","protected":false},"author":4,"featured_media":14950,"comment_status":"closed","ping_status":"closed","sticky":false,"template":"","format":"standard","meta":{"_monsterinsights_skip_tracking":false,"_monsterinsights_sitenote_active":false,"_monsterinsights_sitenote_note":"","_monsterinsights_sitenote_category":0,"footnotes":""},"categories":[8,4],"tags":[2434,2828,6274,356,6275],"class_list":["post-14949","post","type-post","status-publish","format-standard","has-post-thumbnail","hentry","category-interes-general","category-politica","tag-aubasa","tag-aumento-de-peajes","tag-obras-en-la-ruta-2","tag-provincia","tag-reduccion-de-carriles"],"_links":{"self":[{"href":"https:\/\/www.visionweb.com.ar\/index.php?rest_route=\/wp\/v2\/posts\/14949","targetHints":{"allow":["GET"]}}],"collection":[{"href":"https:\/\/www.visionweb.com.ar\/index.php?rest_route=\/wp\/v2\/posts"}],"about":[{"href":"https:\/\/www.visionweb.com.ar\/index.php?rest_route=\/wp\/v2\/types\/post"}],"author":[{"embeddable":true,"href":"https:\/\/www.visionweb.com.ar\/index.php?rest_route=\/wp\/v2\/users\/4"}],"replies":[{"embeddable":true,"href":"https:\/\/www.visionweb.com.ar\/index.php?rest_route=%2Fwp%2Fv2%2Fcomments&post=14949"}],"version-history":[{"count":1,"href":"https:\/\/www.visionweb.com.ar\/index.php?rest_route=\/wp\/v2\/posts\/14949\/revisions"}],"predecessor-version":[{"id":14951,"href":"https:\/\/www.visionweb.com.ar\/index.php?rest_route=\/wp\/v2\/posts\/14949\/revisions\/14951"}],"wp:featuredmedia":[{"embeddable":true,"href":"https:\/\/www.visionweb.com.ar\/index.php?rest_route=\/wp\/v2\/media\/14950"}],"wp:attachment":[{"href":"https:\/\/www.visionweb.com.ar\/index.php?rest_route=%2Fwp%2Fv2%2Fmedia&parent=14949"}],"wp:term":[{"taxonomy":"category","embeddable":true,"href":"https:\/\/www.visionweb.com.ar\/index.php?rest_route=%2Fwp%2Fv2%2Fcategories&post=14949"},{"taxonomy":"post_tag","embeddable":true,"href":"https:\/\/www.visionweb.com.ar\/index.php?rest_route=%2Fwp%2Fv2%2Ftags&post=14949"}],"curies":[{"name":"wp","href":"https:\/\/api.w.org\/{rel}","templated":true}]}}