{"id":14940,"date":"2024-06-24T09:40:09","date_gmt":"2024-06-24T12:40:09","guid":{"rendered":"https:\/\/www.visionweb.com.ar\/?p=14940"},"modified":"2024-06-24T09:40:09","modified_gmt":"2024-06-24T12:40:09","slug":"medida-de-protesta-manana-martes-los-trenes-funcionaran-mas-lento","status":"publish","type":"post","link":"https:\/\/www.visionweb.com.ar\/?p=14940","title":{"rendered":"Medida de protesta: Ma\u00f1ana martes los trenes funcionar\u00e1n m\u00e1s lento"},"content":{"rendered":"<p><em><strong>La Fraternidad protestar\u00e1 con \u201ctope de velocidad de hasta 30 kil\u00f3metros por hora en todo el territorio nacional\u201d. Piden resolver mejoras de los salarios.<\/strong><strong>\u00a0<\/strong><\/em><!--more--><\/p>\n<p><strong> <img loading=\"lazy\" decoding=\"async\" class=\"size-medium wp-image-6520 alignright\" src=\"https:\/\/www.visionweb.com.ar\/wp-content\/uploads\/2022\/07\/trenes-estacion-277x300.jpg\" alt=\"\" width=\"277\" height=\"300\" srcset=\"https:\/\/www.visionweb.com.ar\/wp-content\/uploads\/2022\/07\/trenes-estacion-277x300.jpg 277w, https:\/\/www.visionweb.com.ar\/wp-content\/uploads\/2022\/07\/trenes-estacion.jpg 500w\" sizes=\"auto, (max-width: 277px) 100vw, 277px\" \/> \u00a0E<\/strong>l Sindicato de Conductores de Trenes <strong>La Fraternidad<\/strong>, que lidera Omar Maturano, decidi\u00f3 <strong>volver a la protesta ante la ausencia de una oferta salarial<\/strong> de las autoridades nacionales, por lo que cual ma\u00f1ana martes los trabajadores cumplir\u00e1n tareas durante toda la jornada con \u201cun tope de velocidad de hasta 30 kil\u00f3metros por hora en todo el territorio nacional\u201d.<\/p>\n<p>En un documento, <strong>Maturano sostuvo que \u201cla paciencia tiene un l\u00edmite\u201d<\/strong>, por lo que la organizaci\u00f3n sindical dispuso para el martes pr\u00f3ximo y durante 24 horas aplicar \u201cun <strong>tope de velocidad en todas las formaciones de hasta 30 kil\u00f3metros por hora<\/strong> en la circulaci\u00f3n de trenes en todo el territorio\u201d.<\/p>\n<p>\u201cLa decisi\u00f3n del Secretariado Nacional se fundament\u00f3 en la postergaci\u00f3n de la medida de fuerza de forma oportuna anunciada para el 4 de junio \u00faltimo, lo que hab\u00eda sido solicitado por el Gobierno, pero luego de cuatro reuniones paritarias consecutivas no hubo acuerdo alguno, a pesar de que el gremio demostr\u00f3 la mejor de las predisposiciones para lograrlo\u201d, asegur\u00f3 el dirigente sindical.<\/p>\n<p>La decisi\u00f3n gremial de La Fraternidad implicar\u00e1 demoras de todas las formaciones nacionales a partir de \u201cla irresoluta decisi\u00f3n de mejorar los salarios de los trabajadores\u201d, explic\u00f3 la organizaci\u00f3n.<\/p>\n<p>Las l\u00edneas afectadas a la medida son: <strong>Sarmiento, Roca, Mitre, San Mart\u00edn, Belgrano Sur, Belgrano Norte, Urquiza y Tren de la Costa. (VW)<\/strong><\/p>\n<p>&nbsp;<\/p>\n","protected":false},"excerpt":{"rendered":"<p>La Fraternidad protestar\u00e1 con \u201ctope de velocidad de hasta 30 kil\u00f3metros por hora en todo el territorio nacional\u201d. Piden resolver mejoras de los salarios.\u00a0<\/p>\n","protected":false},"author":4,"featured_media":6520,"comment_status":"closed","ping_status":"closed","sticky":false,"template":"","format":"standard","meta":{"_monsterinsights_skip_tracking":false,"_monsterinsights_sitenote_active":false,"_monsterinsights_sitenote_note":"","_monsterinsights_sitenote_category":0,"footnotes":""},"categories":[4,5],"tags":[6269,1991,6268,3374,6267],"class_list":["post-14940","post","type-post","status-publish","format-standard","has-post-thumbnail","hentry","category-politica","category-sociedad","tag-funcionaran-a-30-km","tag-la-fraternidad","tag-medida-de-protesta","tag-omar-maturano","tag-trenes-con-demoras"],"_links":{"self":[{"href":"https:\/\/www.visionweb.com.ar\/index.php?rest_route=\/wp\/v2\/posts\/14940","targetHints":{"allow":["GET"]}}],"collection":[{"href":"https:\/\/www.visionweb.com.ar\/index.php?rest_route=\/wp\/v2\/posts"}],"about":[{"href":"https:\/\/www.visionweb.com.ar\/index.php?rest_route=\/wp\/v2\/types\/post"}],"author":[{"embeddable":true,"href":"https:\/\/www.visionweb.com.ar\/index.php?rest_route=\/wp\/v2\/users\/4"}],"replies":[{"embeddable":true,"href":"https:\/\/www.visionweb.com.ar\/index.php?rest_route=%2Fwp%2Fv2%2Fcomments&post=14940"}],"version-history":[{"count":1,"href":"https:\/\/www.visionweb.com.ar\/index.php?rest_route=\/wp\/v2\/posts\/14940\/revisions"}],"predecessor-version":[{"id":14941,"href":"https:\/\/www.visionweb.com.ar\/index.php?rest_route=\/wp\/v2\/posts\/14940\/revisions\/14941"}],"wp:featuredmedia":[{"embeddable":true,"href":"https:\/\/www.visionweb.com.ar\/index.php?rest_route=\/wp\/v2\/media\/6520"}],"wp:attachment":[{"href":"https:\/\/www.visionweb.com.ar\/index.php?rest_route=%2Fwp%2Fv2%2Fmedia&parent=14940"}],"wp:term":[{"taxonomy":"category","embeddable":true,"href":"https:\/\/www.visionweb.com.ar\/index.php?rest_route=%2Fwp%2Fv2%2Fcategories&post=14940"},{"taxonomy":"post_tag","embeddable":true,"href":"https:\/\/www.visionweb.com.ar\/index.php?rest_route=%2Fwp%2Fv2%2Ftags&post=14940"}],"curies":[{"name":"wp","href":"https:\/\/api.w.org\/{rel}","templated":true}]}}