{"id":14925,"date":"2024-06-21T10:20:39","date_gmt":"2024-06-21T13:20:39","guid":{"rendered":"https:\/\/www.visionweb.com.ar\/?p=14925"},"modified":"2024-06-21T10:20:39","modified_gmt":"2024-06-21T13:20:39","slug":"el-gobierno-bonaerense-lanzo-el-programa-licencia-joven-en-las-escuelas-secundarias","status":"publish","type":"post","link":"https:\/\/www.visionweb.com.ar\/?p=14925","title":{"rendered":"El gobierno bonaerense lanz\u00f3 el programa \u201cLicencia Joven\u201d en las escuelas secundarias"},"content":{"rendered":"<p><strong><em>El programa tiene como objetivo generar un cambio cultural desde las juventudes. En principio estar\u00e1 vigente en 45 municipios.<\/em><\/strong><!--more--><\/p>\n<p><strong><img loading=\"lazy\" decoding=\"async\" class=\"size-medium wp-image-14926 alignright\" src=\"https:\/\/www.visionweb.com.ar\/wp-content\/uploads\/2024\/06\/licencia-joven-300x181.png\" alt=\"\" width=\"300\" height=\"181\" srcset=\"https:\/\/www.visionweb.com.ar\/wp-content\/uploads\/2024\/06\/licencia-joven-300x181.png 300w, https:\/\/www.visionweb.com.ar\/wp-content\/uploads\/2024\/06\/licencia-joven.png 504w\" sizes=\"auto, (max-width: 300px) 100vw, 300px\" \/>\u00a0\u00a0\u00a0 E<\/strong>l Ministerio de Transporte y la Direcci\u00f3n General de Cultura y Educaci\u00f3n de la provincia de Buenos Aires lanzaron el programa\u00a0\u201c<strong>Licencia Joven\u201d, que propone la formaci\u00f3n vial para estudiantes de quinto y sexto a\u00f1o de escuelas secundarias.<\/strong><\/p>\n<p>La iniciativa busca concientizar a la juventud en los cuidados a la hora de conducir y en el respeto de las normas de tr\u00e1nsito, de la vida propia y la de los dem\u00e1s.<\/p>\n<p>El programa, con apoyo de las carteras que lideran Jorge D\u00b4Onofrio y Alberto Sileoni, tiene como objetivo\u00a0<strong>generar un cambio cultural desde las juventudes.<\/strong><\/p>\n<p>De esta forma, quienes ingresen a\u00a0<a href=\"http:\/\/licenciajoven.transporte.gba.gob.ar\/\">licenciajoven.transporte.gba.gob.ar<\/a>\u00a0podr\u00e1n acceder a\u00a0<strong>siete m\u00f3dulos con contenido \u00e1gil y valioso\u00a0<\/strong>sobre las normas de tr\u00e1nsito, los cuidados a la hora de conducir y las reglas para la protecci\u00f3n de la vida en los corredores viales.<\/p>\n<p>Siniestralidad, espacio p\u00fablico, riesgo en la conducci\u00f3n, son los ejes centrales de la plataforma que tambi\u00e9n pondr\u00e1 el foco en la din\u00e1mica de los veh\u00edculos con motor y el comportamiento de los mismos, detall\u00f3 la agencia Dib.<\/p>\n<p>D\u2019Onofrio, en ese sentido, detall\u00f3:\u00a0<strong>\u201cLas estad\u00edsticas nos dicen que las juventudes son las principales v\u00edctimas por el no uso de casco en moto, por ejemplo, desde el Estado les vamos a dar todas las herramientas necesarias para que se transformen en agentes de buenas conductas viales\u201d.<\/strong><\/p>\n<p>En tanto, Sileoni se\u00f1al\u00f3 que: \u201cEs importante que estas iniciativas est\u00e9n presentes en las escuelas, donde las y los j\u00f3venes se est\u00e1n formando para la ciudadan\u00eda, para el cumplimiento de las leyes y las normas.\u00a0<strong>Es la escuela adem\u00e1s un espacio donde se construyen valores y la importancia del cuidado tanto individual como colectivo, hacia los dem\u00e1s\u201d<\/strong>.<\/p>\n<p>Examen te\u00f3rico para la licencia de conducir<\/p>\n<p>Seg\u00fan las estimaciones que realiz\u00f3 el gobierno bonaerense a lo largo del proceso de planificaci\u00f3n,\u00a0<strong>m\u00e1s de 300 mil j\u00f3venes ser\u00e1n beneficiados con la nueva plataforma<\/strong>, que permitir\u00e1 adem\u00e1s que quienes est\u00e9n interesados puedan rendir la parte te\u00f3rica del examen para sacar el registro de conducir de forma online, y solo deban acercarse al Centro de Emisi\u00f3n de Licencias de Conducir para rendir la prueba pr\u00e1ctica. El examen te\u00f3rico aprobado ser\u00e1 v\u00e1lido por un a\u00f1o.<\/p>\n<p>La medida impactar\u00e1 en los 135 distritos y se implementar\u00e1 en tres etapas, por regiones:<\/p>\n<p><strong>En su primera instancia, la plataforma estar\u00e1 activa en 45 comunas:<\/strong>\u00a0Berisso; Brandsen; Ensenada; La Plata; Magdalena; Punta Indio; Campana; Escobar; Ituzaing\u00f3; Jos\u00e9 C.Paz; Malvinas Argentinas; Merlo; Moreno; Mor\u00f3n; Pilar; San Fernando; San Isidro; San Miguel; Tigre; Vicente L\u00f3pez; Exaltaci\u00f3n De La Cruz; Z\u00e1rate; Ayacucho; Balcarce; Castelli; Chascom\u00fas; Dolores; General Belgrano; General Guido; General Lavalle; General Madariaga; General Paz; La Costa; Lezama; Lober\u00eda; Monte; Maip\u00fa; Necochea; Pila; Rauch; San Cayetano; Tandil; Tordillo; Villa Gesell; y Pinamar. <strong>(VW)<\/strong><\/p>\n<p>&nbsp;<\/p>\n","protected":false},"excerpt":{"rendered":"<p>El programa tiene como objetivo generar un cambio cultural desde las juventudes. En principio estar\u00e1 vigente en 45 municipios.<\/p>\n","protected":false},"author":4,"featured_media":14926,"comment_status":"closed","ping_status":"closed","sticky":false,"template":"","format":"standard","meta":{"_monsterinsights_skip_tracking":false,"_monsterinsights_sitenote_active":false,"_monsterinsights_sitenote_note":"","_monsterinsights_sitenote_category":0,"footnotes":""},"categories":[7,5],"tags":[6260,6259,3237],"class_list":["post-14925","post","type-post","status-publish","format-standard","has-post-thumbnail","hentry","category-educacion-y-cultura","category-sociedad","tag-educacion-vial-escuelas-secundarias","tag-licencia-joven","tag-programa-bonaerense"],"_links":{"self":[{"href":"https:\/\/www.visionweb.com.ar\/index.php?rest_route=\/wp\/v2\/posts\/14925","targetHints":{"allow":["GET"]}}],"collection":[{"href":"https:\/\/www.visionweb.com.ar\/index.php?rest_route=\/wp\/v2\/posts"}],"about":[{"href":"https:\/\/www.visionweb.com.ar\/index.php?rest_route=\/wp\/v2\/types\/post"}],"author":[{"embeddable":true,"href":"https:\/\/www.visionweb.com.ar\/index.php?rest_route=\/wp\/v2\/users\/4"}],"replies":[{"embeddable":true,"href":"https:\/\/www.visionweb.com.ar\/index.php?rest_route=%2Fwp%2Fv2%2Fcomments&post=14925"}],"version-history":[{"count":1,"href":"https:\/\/www.visionweb.com.ar\/index.php?rest_route=\/wp\/v2\/posts\/14925\/revisions"}],"predecessor-version":[{"id":14927,"href":"https:\/\/www.visionweb.com.ar\/index.php?rest_route=\/wp\/v2\/posts\/14925\/revisions\/14927"}],"wp:featuredmedia":[{"embeddable":true,"href":"https:\/\/www.visionweb.com.ar\/index.php?rest_route=\/wp\/v2\/media\/14926"}],"wp:attachment":[{"href":"https:\/\/www.visionweb.com.ar\/index.php?rest_route=%2Fwp%2Fv2%2Fmedia&parent=14925"}],"wp:term":[{"taxonomy":"category","embeddable":true,"href":"https:\/\/www.visionweb.com.ar\/index.php?rest_route=%2Fwp%2Fv2%2Fcategories&post=14925"},{"taxonomy":"post_tag","embeddable":true,"href":"https:\/\/www.visionweb.com.ar\/index.php?rest_route=%2Fwp%2Fv2%2Ftags&post=14925"}],"curies":[{"name":"wp","href":"https:\/\/api.w.org\/{rel}","templated":true}]}}