{"id":14923,"date":"2024-06-21T10:06:08","date_gmt":"2024-06-21T13:06:08","guid":{"rendered":"https:\/\/www.visionweb.com.ar\/?p=14923"},"modified":"2024-06-21T10:06:08","modified_gmt":"2024-06-21T13:06:08","slug":"amba-el-costo-de-los-servicios-publicos-acumula-una-suba-del-365-en-el-semestre","status":"publish","type":"post","link":"https:\/\/www.visionweb.com.ar\/?p=14923","title":{"rendered":"AMBA: El costo de los servicios p\u00fablicos acumula una suba del 365% en el semestre"},"content":{"rendered":"<p><em><strong>Un hogar promedio necesita cerca de $140 mil \u00a0para cubrir las necesidades energ\u00e9ticas, de transporte y de agua potable en junio, seg\u00fan un relevamiento.<\/strong><\/em><!--more--><\/p>\n<p><img loading=\"lazy\" decoding=\"async\" class=\"size-full wp-image-7465 alignright\" src=\"https:\/\/www.visionweb.com.ar\/wp-content\/uploads\/2022\/09\/billetera-vacia.bmp\" alt=\"\" width=\"591\" height=\"372\" \/>\u00a0 <strong>U<\/strong>n informe del\u00a0<strong>Observatorio de Tarifas y Subsidios del Instituto Interdisciplinario de Econom\u00eda Pol\u00edtica (IIEP), que depende de la UBA y el Conicet, <\/strong>revel\u00f3 que las familias que viven en el \u00c1rea Metropolitana de Buenos Aires (AMBA) afrontaron un aumento en el costo de los servicios p\u00fablicos del 19% en junio, y acumulan una suba del 365% en el primer semestre del a\u00f1o.<\/p>\n<p>El an\u00e1lisis calcul\u00f3 que un hogar promedio del AMBA\u00a0<strong>necesita de $139.356 para cubrir sus necesidades energ\u00e9ticas, de transporte y de agua potable durante el sexto mes del a\u00f1o<\/strong>, lo que implica que el costo de la canasta total de servicios p\u00fablicos se increment\u00f3 365% respecto de diciembre de 2023, cuando llegaba a los $30.100.<\/p>\n<p>El incremento en lo que va del a\u00f1o, se explica a partir de las actualizaciones de tarifas de transporte (enero y febrero), energ\u00eda el\u00e9ctrica (febrero y junio), agua y gas natural (abril y junio). Asimismo,\u00a0<strong>los consumos de gas natural y energ\u00eda el\u00e9ctrica est\u00e1n ajustados por la estacionalidad de la demanda<\/strong>.<\/p>\n<p>En lo que respecta a la variaci\u00f3n de junio en el sector energ\u00e9tico, el informe precis\u00f3 que tiene que ver con\u00a0<strong>\u201cconsumos m\u00e1s elevados de gas natural y energ\u00eda el\u00e9ctrica conforme transita el pico estacional de invierno; con incrementos en el precio de la energ\u00eda el\u00e9ctrica y el gas natural a partir del 1\u00b0 de junio; y con la modificaci\u00f3n de los bloques de consumo subsidiado en energ\u00eda el\u00e9ctrica y gas natural\u201d.<\/strong><\/p>\n<p><strong>Los aumentos de servicios en el primer semestre:<\/strong><\/p>\n<ul>\n<li><strong>Agua potable y cloacas<\/strong>: 209%<\/li>\n<li><strong>Energ\u00eda el\u00e9ctrica<\/strong>: 234%<\/li>\n<li><strong>Gas<\/strong>: 1179%<\/li>\n<li><strong>Transporte:\u00a0<\/strong>410%<\/li>\n<\/ul>\n<p>En la desagregaci\u00f3n por servicio se observa que el\u00a0<strong>incremento m\u00e1s importante fue para el gas natural\u00a0<\/strong>con un aumento del 1117 por ciento respecto a diciembre de 2023 y es explicado tanto por el aumento de tarifas en abril y junio como por el consumo estacional en el pico invernal.<\/p>\n<p>Con estos valores, en junio,\u00a0<strong>la canasta de servicios p\u00fablicos del AMBA ocupa el 16% del salario promedio\u00a0<\/strong>registrado estimado del mes a la vez que el peso m\u00e1s importante dentro de los servicios lo ocupa el gasto en energ\u00eda el\u00e9ctrica, con el 56% del gasto en servicios.<\/p>\n<p>Los datos se conocen tras la aplicaci\u00f3n de\u00a0<strong>nuevos aumentos en las tarifas de gas y luz desde el 1 de junio<\/strong>, tras la postergaci\u00f3n decidida por el Gobierno en mayo junto con el incremento de los subsidios del transporte, con el objetivo de contribuir a consolidar el descenso de la inflaci\u00f3n.<\/p>\n<p>Al respecto, el estudio revel\u00f3 que \u201cla cobertura tarifaria, estimada como el promedio ponderado de\u00a0<strong>costos de los servicios p\u00fablicos en el AMBA a cargo del usuario, es del 40% en el mes de junio<\/strong>\u201d, es decir que \u201cel Estado se hace cargo del 60% restante\u201d.<\/p>\n<p>En este sentido,\u00a0<strong>los principales subsidios econ\u00f3micos a los sectores Agua, Energ\u00eda y Transporte tuvieron en mayo un crecimiento acumulado anual del 157%\u00a0<\/strong>respecto de igual periodo del a\u00f1o anterior y por lo tanto su variaci\u00f3n real muestra una reducci\u00f3n del 34% acumulado anual en el per\u00edodo. <strong>(VW)<\/strong><\/p>\n","protected":false},"excerpt":{"rendered":"<p>Un hogar promedio necesita cerca de $140 mil \u00a0para cubrir las necesidades energ\u00e9ticas, de transporte y de agua potable en junio, seg\u00fan un relevamiento.<\/p>\n","protected":false},"author":4,"featured_media":7465,"comment_status":"closed","ping_status":"closed","sticky":false,"template":"","format":"standard","meta":{"_monsterinsights_skip_tracking":false,"_monsterinsights_sitenote_active":false,"_monsterinsights_sitenote_note":"","_monsterinsights_sitenote_category":0,"footnotes":""},"categories":[6,4,5],"tags":[6257,6256,6258],"class_list":["post-14923","post","type-post","status-publish","format-standard","has-post-thumbnail","hentry","category-economia","category-politica","category-sociedad","tag-acumulado-primer-semestre","tag-aumento-tarifas-servicios","tag-servicios-publicos"],"_links":{"self":[{"href":"https:\/\/www.visionweb.com.ar\/index.php?rest_route=\/wp\/v2\/posts\/14923","targetHints":{"allow":["GET"]}}],"collection":[{"href":"https:\/\/www.visionweb.com.ar\/index.php?rest_route=\/wp\/v2\/posts"}],"about":[{"href":"https:\/\/www.visionweb.com.ar\/index.php?rest_route=\/wp\/v2\/types\/post"}],"author":[{"embeddable":true,"href":"https:\/\/www.visionweb.com.ar\/index.php?rest_route=\/wp\/v2\/users\/4"}],"replies":[{"embeddable":true,"href":"https:\/\/www.visionweb.com.ar\/index.php?rest_route=%2Fwp%2Fv2%2Fcomments&post=14923"}],"version-history":[{"count":1,"href":"https:\/\/www.visionweb.com.ar\/index.php?rest_route=\/wp\/v2\/posts\/14923\/revisions"}],"predecessor-version":[{"id":14924,"href":"https:\/\/www.visionweb.com.ar\/index.php?rest_route=\/wp\/v2\/posts\/14923\/revisions\/14924"}],"wp:featuredmedia":[{"embeddable":true,"href":"https:\/\/www.visionweb.com.ar\/index.php?rest_route=\/wp\/v2\/media\/7465"}],"wp:attachment":[{"href":"https:\/\/www.visionweb.com.ar\/index.php?rest_route=%2Fwp%2Fv2%2Fmedia&parent=14923"}],"wp:term":[{"taxonomy":"category","embeddable":true,"href":"https:\/\/www.visionweb.com.ar\/index.php?rest_route=%2Fwp%2Fv2%2Fcategories&post=14923"},{"taxonomy":"post_tag","embeddable":true,"href":"https:\/\/www.visionweb.com.ar\/index.php?rest_route=%2Fwp%2Fv2%2Ftags&post=14923"}],"curies":[{"name":"wp","href":"https:\/\/api.w.org\/{rel}","templated":true}]}}