{"id":14918,"date":"2024-06-20T09:56:16","date_gmt":"2024-06-20T12:56:16","guid":{"rendered":"https:\/\/www.visionweb.com.ar\/?p=14918"},"modified":"2024-06-20T09:56:16","modified_gmt":"2024-06-20T12:56:16","slug":"fuerte-caida-en-los-consumos-de-supermercados-y-centros-comerciales","status":"publish","type":"post","link":"https:\/\/www.visionweb.com.ar\/?p=14918","title":{"rendered":"Fuerte ca\u00edda en los consumos de supermercados y centros comerciales"},"content":{"rendered":"<p><em><strong>Los shoppings y\u00a0centros de compras no fueron la excepci\u00f3n en esta tendencia decreciente. En abril de 2024, las ventas en estos establecimientos se redujeron un 23,8% interanual.\u00a0<\/strong><\/em><!--more--><\/p>\n<p><img loading=\"lazy\" decoding=\"async\" class=\"size-medium wp-image-12925 alignright\" src=\"https:\/\/www.visionweb.com.ar\/wp-content\/uploads\/2023\/12\/PRECIOS-SUPERMERCADOS-300x200.png\" alt=\"\" width=\"300\" height=\"200\" srcset=\"https:\/\/www.visionweb.com.ar\/wp-content\/uploads\/2023\/12\/PRECIOS-SUPERMERCADOS-300x200.png 300w, https:\/\/www.visionweb.com.ar\/wp-content\/uploads\/2023\/12\/PRECIOS-SUPERMERCADOS.png 640w\" sizes=\"auto, (max-width: 300px) 100vw, 300px\" \/>El consumo en Argentina sufri\u00f3\u00a0<strong>una nueva y fuerte ca\u00edda en abril<\/strong>, con desplomes significativos en las ventas de supermercados minoristas, mayoristas y centros de compras.<\/p>\n<p>Los datos fueron informados este mi\u00e9rcoles por el<strong>\u00a0Instituto Nacional de Estad\u00edstica y Censos (INDEC),<\/strong>\u00a0y revela una profundizaci\u00f3n de la tendencia negativa.<\/p>\n<p>Las ventas\u00a0<strong>en supermercados cayeron un 17,6% en abril de 2024 en comparaci\u00f3n con el mismo mes del a\u00f1o anterior<\/strong>. Este descenso se agrava en el sector\u00a0<strong>mayorista, donde la ca\u00edda interanual alcanz\u00f3 un 21,2%.<\/strong><\/p>\n<p>El INDEC tambi\u00e9n report\u00f3 que el\u00a0<strong>acumulado de ventas en supermercados para el per\u00edodo enero-abril de 2024 descendi\u00f3 un 13% respecto al mismo per\u00edodo de 2023.<\/strong>\u00a0En el caso de los supermercados mayoristas, el acumulado de los primeros cuatro meses del a\u00f1o mostr\u00f3 una ca\u00edda del 11,9% en comparaci\u00f3n con el a\u00f1o anterior.<\/p>\n<p>Adem\u00e1s, el \u00edndice de la serie desestacionalizada para supermercados en abril registr\u00f3 una disminuci\u00f3n del 3,3% respecto al mes anterior. En el sector mayorista, este \u00edndice mostr\u00f3 una baja del 2,4% en comparaci\u00f3n con marzo.\u00a0<strong>Por otro lado, la serie tendencia-ciclo en supermercados present\u00f3 una variaci\u00f3n negativa del 0,9% respecto al mes anterior<\/strong>, mientras que en el sector mayorista la variaci\u00f3n negativa fue del 1,9%.<\/p>\n<p>Los shoppings y\u00a0<strong>centros de compras no fueron la excepci\u00f3n en esta tendencia decreciente. En abril de 2024, las ventas en estos establecimientos se redujeron un 23,8% interanual.\u00a0<\/strong>En cuanto al acumulado del primer cuatrimestre del a\u00f1o, la ca\u00edda fue del 19,1% en comparaci\u00f3n con el mismo per\u00edodo de 2023. Estos valores representan el peor nivel desde la pandemia de Covid-19, cuando hab\u00eda fuertes restricciones debido a las medidas de contenci\u00f3n del virus.<\/p>\n<p>El impacto de esta ca\u00edda en el consumo refleja una situaci\u00f3n econ\u00f3mica compleja, que se evidencia en la contracci\u00f3n de diversos indicadores clave.<strong>\u00a0El descenso en las ventas de supermercados, mayoristas y centros de compras se enmarca en un contexto de menor actividad econ\u00f3mica<\/strong>\u00a0y dificultades financieras para los consumidores.<\/p>\n<p>La informaci\u00f3n proporcionada por el INDEC subraya la magnitud de la contracci\u00f3n en el consumo y plantea interrogantes sobre las perspectivas a corto y mediano plazo para la econom\u00eda argentina.<strong>(VW)<\/strong><\/p>\n","protected":false},"excerpt":{"rendered":"<p>Los shoppings y\u00a0centros de compras no fueron la excepci\u00f3n en esta tendencia decreciente. En abril de 2024, las ventas en estos establecimientos se redujeron un 23,8% interanual.\u00a0<\/p>\n","protected":false},"author":3,"featured_media":12925,"comment_status":"closed","ping_status":"closed","sticky":false,"template":"","format":"standard","meta":{"_monsterinsights_skip_tracking":false,"_monsterinsights_sitenote_active":false,"_monsterinsights_sitenote_note":"","_monsterinsights_sitenote_category":0,"footnotes":""},"categories":[8],"tags":[6252,75,3246,365,758],"class_list":["post-14918","post","type-post","status-publish","format-standard","has-post-thumbnail","hentry","category-interes-general","tag-caidas","tag-indec","tag-mayoristas","tag-supermercados","tag-ventas"],"_links":{"self":[{"href":"https:\/\/www.visionweb.com.ar\/index.php?rest_route=\/wp\/v2\/posts\/14918","targetHints":{"allow":["GET"]}}],"collection":[{"href":"https:\/\/www.visionweb.com.ar\/index.php?rest_route=\/wp\/v2\/posts"}],"about":[{"href":"https:\/\/www.visionweb.com.ar\/index.php?rest_route=\/wp\/v2\/types\/post"}],"author":[{"embeddable":true,"href":"https:\/\/www.visionweb.com.ar\/index.php?rest_route=\/wp\/v2\/users\/3"}],"replies":[{"embeddable":true,"href":"https:\/\/www.visionweb.com.ar\/index.php?rest_route=%2Fwp%2Fv2%2Fcomments&post=14918"}],"version-history":[{"count":1,"href":"https:\/\/www.visionweb.com.ar\/index.php?rest_route=\/wp\/v2\/posts\/14918\/revisions"}],"predecessor-version":[{"id":14919,"href":"https:\/\/www.visionweb.com.ar\/index.php?rest_route=\/wp\/v2\/posts\/14918\/revisions\/14919"}],"wp:featuredmedia":[{"embeddable":true,"href":"https:\/\/www.visionweb.com.ar\/index.php?rest_route=\/wp\/v2\/media\/12925"}],"wp:attachment":[{"href":"https:\/\/www.visionweb.com.ar\/index.php?rest_route=%2Fwp%2Fv2%2Fmedia&parent=14918"}],"wp:term":[{"taxonomy":"category","embeddable":true,"href":"https:\/\/www.visionweb.com.ar\/index.php?rest_route=%2Fwp%2Fv2%2Fcategories&post=14918"},{"taxonomy":"post_tag","embeddable":true,"href":"https:\/\/www.visionweb.com.ar\/index.php?rest_route=%2Fwp%2Fv2%2Ftags&post=14918"}],"curies":[{"name":"wp","href":"https:\/\/api.w.org\/{rel}","templated":true}]}}