{"id":14909,"date":"2024-06-19T09:41:20","date_gmt":"2024-06-19T12:41:20","guid":{"rendered":"https:\/\/www.visionweb.com.ar\/?p=14909"},"modified":"2024-06-19T09:43:48","modified_gmt":"2024-06-19T12:43:48","slug":"bullrich-impulsa-un-congreso-del-pro-junto-a-la-libertad-avanza","status":"publish","type":"post","link":"https:\/\/www.visionweb.com.ar\/?p=14909","title":{"rendered":"Bullrich impulsa un congreso del PRO junto a La Libertad Avanza"},"content":{"rendered":"<p><em><strong>Es para profundizar el acercamiento entre el sector que responde a la Ministra y el Presiente. Se har\u00e1 en la Provincia, territorio donde se escenific\u00f3 la guerra de la Ministra de Seguridad con Mauricio Macri.<\/strong><\/em><!--more--><\/p>\n<div id=\"attachment_14692\" style=\"width: 310px\" class=\"wp-caption alignright\"><img loading=\"lazy\" decoding=\"async\" aria-describedby=\"caption-attachment-14692\" class=\"wp-image-14692 size-medium\" src=\"https:\/\/www.visionweb.com.ar\/wp-content\/uploads\/2024\/05\/BULLRICH-MACRI-300x200.png\" alt=\"\" width=\"300\" height=\"200\" srcset=\"https:\/\/www.visionweb.com.ar\/wp-content\/uploads\/2024\/05\/BULLRICH-MACRI-300x200.png 300w, https:\/\/www.visionweb.com.ar\/wp-content\/uploads\/2024\/05\/BULLRICH-MACRI.png 640w\" sizes=\"auto, (max-width: 300px) 100vw, 300px\" \/><p id=\"caption-attachment-14692\" class=\"wp-caption-text\">El Pro y Macri ya son historia (Archoivo)<\/p><\/div>\n<p>La ministra de Seguridad, Patricia Bullrich, prepara un\u00a0<strong>\u201ccongreso\u201d junto a legisladores de La Libertad Avanza\u00a0<\/strong>de la provincia de Buenos Aires, para profundizar el acercamiento a la fuerza del presiente Javier Milei.<\/p>\n<p>El encuentro, que se realizar\u00eda en\u00a0 la segunda quincena de julio, tiene participantes y sede definida:\u00a0<strong>habr\u00e1 diputados, senadores y concejales de ambas fuerzas y ser\u00e1 en La Plata, lo que refuerza el contenido \u201cbonaerense\u201d del acto<\/strong>.<\/p>\n<p>De lo que no caben dudas es de la intenci\u00f3n pol\u00edtica: se trata de r<strong>eforzar el acercamiento a los libertarios<\/strong>, con quienes busca sellar un acuerdo pol\u00edtico con unificaci\u00f3n de listas para el a\u00f1o pr\u00f3ximo.<\/p>\n<p>Aunque las fuentes consultadas por DIB dijeron que a\u00fan se trabaja en la definici\u00f3n de los detalles,\u00a0<strong>las caracter\u00edsticas del encuentro lo asemejan casi a una \u201cfusi\u00f3n\u201d del espacio de Bullrich con el mileismo<\/strong>.<\/p>\n<p><img loading=\"lazy\" decoding=\"async\" class=\"size-medium wp-image-12679 alignleft\" src=\"https:\/\/www.visionweb.com.ar\/wp-content\/uploads\/2023\/11\/BULLRICH-Y-MILEI-300x169.png\" alt=\"\" width=\"300\" height=\"169\" srcset=\"https:\/\/www.visionweb.com.ar\/wp-content\/uploads\/2023\/11\/BULLRICH-Y-MILEI-300x169.png 300w, https:\/\/www.visionweb.com.ar\/wp-content\/uploads\/2023\/11\/BULLRICH-Y-MILEI.png 640w\" sizes=\"auto, (max-width: 300px) 100vw, 300px\" \/>De hecho, un acto en la provincia fue el antecedente de la ruptura entre Bullrich y Mauricio Macri. Se realiz\u00f3 en Esteban Echeverr\u00eda y all\u00ed la ministra de Seguridad apareci\u00f3 junto a\u00a0<strong>Sebasti\u00e1n Pareja, armador bonaerense de LLA, cercano a Karina Milei<\/strong>.<\/p>\n<p>Macri reaccion\u00f3 forzando la renuncia de Daniela Reich, una senadora aliada de Bullrich a la presidencia del Partido en la Provincia (impondr\u00eda all\u00ed a Cristian Ritondo) y eso deriv\u00f3 en una ruptura de los bloques legislativos bonaerense con la creaci\u00f3n de las bancadas de PRO Libertad en Diputados y Senadores, la marca de la exministra.<\/p>\n<p>Frente a la celeridad de Bullrich para intentar cerrar un acuerdo, Macri opta por la v\u00eda de un fortalecimiento del partido con mayor autonom\u00eda del LLA, en menos en principio: no descarta un acuerdo pero son forzar los tiempos y, sobre todo, negociado por \u00e9l y no por Bullrich<strong>(VW)<\/strong>.<\/p>\n<p><strong>Fuente: Agencia DIB<\/strong><\/p>\n","protected":false},"excerpt":{"rendered":"<p>Es para profundizar el acercamiento entre el sector que responde a la Ministra y el Presiente. Se har\u00e1 en la Provincia, territorio donde se escenific\u00f3 la guerra de la Ministra de Seguridad con Mauricio&#46;&#46;&#46;<\/p>\n","protected":false},"author":3,"featured_media":14692,"comment_status":"closed","ping_status":"closed","sticky":false,"template":"","format":"standard","meta":{"_monsterinsights_skip_tracking":false,"_monsterinsights_sitenote_active":false,"_monsterinsights_sitenote_note":"","_monsterinsights_sitenote_category":0,"footnotes":""},"categories":[4],"tags":[504,6246,502,6247],"class_list":["post-14909","post","type-post","status-publish","format-standard","has-post-thumbnail","hentry","category-politica","tag-bullrich","tag-legisladores-bonaerenses","tag-macri","tag-ruptura"],"_links":{"self":[{"href":"https:\/\/www.visionweb.com.ar\/index.php?rest_route=\/wp\/v2\/posts\/14909","targetHints":{"allow":["GET"]}}],"collection":[{"href":"https:\/\/www.visionweb.com.ar\/index.php?rest_route=\/wp\/v2\/posts"}],"about":[{"href":"https:\/\/www.visionweb.com.ar\/index.php?rest_route=\/wp\/v2\/types\/post"}],"author":[{"embeddable":true,"href":"https:\/\/www.visionweb.com.ar\/index.php?rest_route=\/wp\/v2\/users\/3"}],"replies":[{"embeddable":true,"href":"https:\/\/www.visionweb.com.ar\/index.php?rest_route=%2Fwp%2Fv2%2Fcomments&post=14909"}],"version-history":[{"count":1,"href":"https:\/\/www.visionweb.com.ar\/index.php?rest_route=\/wp\/v2\/posts\/14909\/revisions"}],"predecessor-version":[{"id":14910,"href":"https:\/\/www.visionweb.com.ar\/index.php?rest_route=\/wp\/v2\/posts\/14909\/revisions\/14910"}],"wp:featuredmedia":[{"embeddable":true,"href":"https:\/\/www.visionweb.com.ar\/index.php?rest_route=\/wp\/v2\/media\/14692"}],"wp:attachment":[{"href":"https:\/\/www.visionweb.com.ar\/index.php?rest_route=%2Fwp%2Fv2%2Fmedia&parent=14909"}],"wp:term":[{"taxonomy":"category","embeddable":true,"href":"https:\/\/www.visionweb.com.ar\/index.php?rest_route=%2Fwp%2Fv2%2Fcategories&post=14909"},{"taxonomy":"post_tag","embeddable":true,"href":"https:\/\/www.visionweb.com.ar\/index.php?rest_route=%2Fwp%2Fv2%2Ftags&post=14909"}],"curies":[{"name":"wp","href":"https:\/\/api.w.org\/{rel}","templated":true}]}}