{"id":14907,"date":"2024-06-19T09:25:36","date_gmt":"2024-06-19T12:25:36","guid":{"rendered":"https:\/\/www.visionweb.com.ar\/?p=14907"},"modified":"2024-06-19T09:25:36","modified_gmt":"2024-06-19T12:25:36","slug":"estatales-y-docentes-bonaerenses-cobraran-el-medio-aguinaldo-junto-a-los-sueldos","status":"publish","type":"post","link":"https:\/\/www.visionweb.com.ar\/?p=14907","title":{"rendered":"Estatales y docentes bonaerenses cobrar\u00e1n el medio aguinaldo junto a los sueldos"},"content":{"rendered":"<p><strong><em>La Provincia los abonar\u00e1 el mismo d\u00eda, pese al reclamo de un gremio para adelantar el SAC. La intenci\u00f3n es retomar las paritarias para los salarios de julio.<\/em><\/strong><!--more--><\/p>\n<p><img loading=\"lazy\" decoding=\"async\" class=\"size-medium wp-image-13017 alignleft\" src=\"https:\/\/www.visionweb.com.ar\/wp-content\/uploads\/2023\/12\/DOCENTES-FRENE-DE-UNIDAD-BONAERENSE-300x168.png\" alt=\"\" width=\"300\" height=\"168\" srcset=\"https:\/\/www.visionweb.com.ar\/wp-content\/uploads\/2023\/12\/DOCENTES-FRENE-DE-UNIDAD-BONAERENSE-300x168.png 300w, https:\/\/www.visionweb.com.ar\/wp-content\/uploads\/2023\/12\/DOCENTES-FRENE-DE-UNIDAD-BONAERENSE.png 640w\" sizes=\"auto, (max-width: 300px) 100vw, 300px\" \/>Los\u00a0<strong>estatales y docentes<\/strong>\u00a0de la provincia de Buenos Aires cobrar\u00e1n el medio aguinaldo junto a los sueldos, pese a que un gremio hab\u00eda solicitado adelantar el pago del SAC debido a \u201cla delicada situaci\u00f3n econ\u00f3mica general del pa\u00eds\u201d.<\/p>\n<p>Seg\u00fan pudo averiguar agencia DIB,\u00a0<strong>la decisi\u00f3n del Gobierno de Axel Kicillof es abonar en los primeros d\u00edas de julio el aguinaldo con el sueldo de junio<\/strong>, pese a la complicada situaci\u00f3n financiera que atraviesa la Provincia por el recorte de fondos de la administraci\u00f3n de Javier Milei.<\/p>\n<p>De hecho,\u00a0<strong><a href=\"https:\/\/dib.com.ar\/2024\/05\/kicillof-pausa-los-aumentos-a-empleados-publicos-para-garantizar-el-pago-del-medio-aguinaldo\/\">tal como inform\u00f3 DIB el 11 de mayo, Kicillof decidi\u00f3 poner pausa a los incrementos<\/a><\/strong>\u00a0a los estatales en junio para poder garantizar en tiempo y forma el aguinaldo.\u00a0<strong>La intenci\u00f3n del Gobierno, en tanto, es retomar un ritmo mayor de incrementos desde julio.<\/strong><\/p>\n<p>El \u00faltimo incremento salarial para los empleados p\u00fablicos bonaerenses fue acordado a mediados de mayo. La Asociaci\u00f3n de Trabajadores del Estado (<strong>ATE<\/strong>), la Uni\u00f3n del Personal Civil de la Naci\u00f3n (<strong>UPCN<\/strong>) y Federaci\u00f3n de Gremios Estatales y Particulares de la provincia de Buenos Aires (<strong>FEGEPPBA<\/strong>) aceptaron el 7,5% de ajuste y cerraron la negociaci\u00f3n por debajo del \u00edndice inflacionario del mes de abril (8,8%). Con ello, los estatales alcanzaron un 59,2% de aumentos desde que comenz\u00f3 el a\u00f1o.<\/p>\n<p>En este contexto, la\u00a0<a href=\"https:\/\/dib.com.ar\/2024\/06\/un-gremio-de-estatales-le-pidio-a-la-provincia-que-adelante-el-pago-del-aguinaldo\/\"><strong>FEGEPPBA<\/strong>\u00a0pidi\u00f3 d\u00edas atr\u00e1s al Gobierno<\/a>, teniendo en cuenta la \u201cdelicada situaci\u00f3n econ\u00f3mica general del pa\u00eds\u201d, que se adelante el pago del aguinaldo a los trabajadores y pidieron convocar \u201ca la brevedad\u201d a\u00a0<strong>paritarias<\/strong>. El primero de los reclamos no se cumplir\u00e1 y la Provincia pagar\u00e1 el SAC con el sueldo, mientras que el segundo se espera que se d\u00e9 en los pr\u00f3ximos d\u00edas ya que la administraci\u00f3n de Kicillof se comprometi\u00f3 a ajustar los salarios el mes que viene.<\/p>\n<h3 class=\"wp-block-heading\">Qu\u00e9 pasa con el pago a los jubilados<\/h3>\n<p>El\u00a0<strong>Instituto de Previsi\u00f3n Social<\/strong>\u00a0(IPS) inform\u00f3 que las\u00a0<strong>personas jubiladas y pensionadas<\/strong>\u00a0de la provincia de Buenos Aires percibir\u00e1n el\u00a0<strong>medio aguinaldo junto a los haberes de junio, a partir del jueves 27 de junio<\/strong>.<\/p>\n<p>Ese primer d\u00eda de pago recibir\u00e1n el medio aguinaldo (SAC proporcional) y los haberes de junio las jubilaciones y pensiones con DNI terminados en 0, 1, 2, 3 y pensiones sociales -no contributivas- con DNI terminados en 0,1, 2, 3, 4, 5, 6, 7, 8 y 9.<\/p>\n<p>En tanto que el viernes 28 de junio, podr\u00e1n cobrar el medio aguinaldo (SAC proporcional) y los haberes de junio para jubilaciones y pensiones con DNI terminados en 4, 5, 6, 7, 8 y 9.<\/p>\n<p>El organismo previsional record\u00f3 que el vencimiento del pago por ventanilla ser\u00e1 el 23 de julio 2024 <strong>(VW)<\/strong><\/p>\n","protected":false},"excerpt":{"rendered":"<p>La Provincia los abonar\u00e1 el mismo d\u00eda, pese al reclamo de un gremio para adelantar el SAC. La intenci\u00f3n es retomar las paritarias para los salarios de julio.<\/p>\n","protected":false},"author":3,"featured_media":13017,"comment_status":"closed","ping_status":"closed","sticky":false,"template":"","format":"standard","meta":{"_monsterinsights_skip_tracking":false,"_monsterinsights_sitenote_active":false,"_monsterinsights_sitenote_note":"","_monsterinsights_sitenote_category":0,"footnotes":""},"categories":[7,8],"tags":[6244,6245,4931,6243],"class_list":["post-14907","post","type-post","status-publish","format-standard","has-post-thumbnail","hentry","category-educacion-y-cultura","category-interes-general","tag-aguinaldos","tag-fecha","tag-pago","tag-sueldos"],"_links":{"self":[{"href":"https:\/\/www.visionweb.com.ar\/index.php?rest_route=\/wp\/v2\/posts\/14907","targetHints":{"allow":["GET"]}}],"collection":[{"href":"https:\/\/www.visionweb.com.ar\/index.php?rest_route=\/wp\/v2\/posts"}],"about":[{"href":"https:\/\/www.visionweb.com.ar\/index.php?rest_route=\/wp\/v2\/types\/post"}],"author":[{"embeddable":true,"href":"https:\/\/www.visionweb.com.ar\/index.php?rest_route=\/wp\/v2\/users\/3"}],"replies":[{"embeddable":true,"href":"https:\/\/www.visionweb.com.ar\/index.php?rest_route=%2Fwp%2Fv2%2Fcomments&post=14907"}],"version-history":[{"count":1,"href":"https:\/\/www.visionweb.com.ar\/index.php?rest_route=\/wp\/v2\/posts\/14907\/revisions"}],"predecessor-version":[{"id":14908,"href":"https:\/\/www.visionweb.com.ar\/index.php?rest_route=\/wp\/v2\/posts\/14907\/revisions\/14908"}],"wp:featuredmedia":[{"embeddable":true,"href":"https:\/\/www.visionweb.com.ar\/index.php?rest_route=\/wp\/v2\/media\/13017"}],"wp:attachment":[{"href":"https:\/\/www.visionweb.com.ar\/index.php?rest_route=%2Fwp%2Fv2%2Fmedia&parent=14907"}],"wp:term":[{"taxonomy":"category","embeddable":true,"href":"https:\/\/www.visionweb.com.ar\/index.php?rest_route=%2Fwp%2Fv2%2Fcategories&post=14907"},{"taxonomy":"post_tag","embeddable":true,"href":"https:\/\/www.visionweb.com.ar\/index.php?rest_route=%2Fwp%2Fv2%2Ftags&post=14907"}],"curies":[{"name":"wp","href":"https:\/\/api.w.org\/{rel}","templated":true}]}}