{"id":14881,"date":"2024-06-18T12:10:06","date_gmt":"2024-06-18T15:10:06","guid":{"rendered":"https:\/\/www.visionweb.com.ar\/?p=14881"},"modified":"2024-06-18T12:10:06","modified_gmt":"2024-06-18T15:10:06","slug":"se-derrumbo-el-turismo-en-el-ultimo-fin-de-largo","status":"publish","type":"post","link":"https:\/\/www.visionweb.com.ar\/?p=14881","title":{"rendered":"Se derrumb\u00f3 el turismo en el \u00faltimo fin de largo"},"content":{"rendered":"<p><em><strong>Seg\u00fan el ultimo informe de CAME el n\u00fameo de turistas que aprovech\u00f3 el \u00faltimo fin de semana largo se retrajo en m\u00e1s del 64%.<\/strong><\/em><!--more--><\/p>\n<div id=\"attachment_4176\" style=\"width: 310px\" class=\"wp-caption alignright\"><img loading=\"lazy\" decoding=\"async\" aria-describedby=\"caption-attachment-4176\" class=\"wp-image-4176 size-medium\" src=\"https:\/\/www.visionweb.com.ar\/wp-content\/uploads\/2022\/01\/SALTA-300x225.png\" alt=\"\" width=\"300\" height=\"225\" srcset=\"https:\/\/www.visionweb.com.ar\/wp-content\/uploads\/2022\/01\/SALTA-300x225.png 300w, https:\/\/www.visionweb.com.ar\/wp-content\/uploads\/2022\/01\/SALTA-768x576.png 768w, https:\/\/www.visionweb.com.ar\/wp-content\/uploads\/2022\/01\/SALTA-320x240.png 320w, https:\/\/www.visionweb.com.ar\/wp-content\/uploads\/2022\/01\/SALTA.png 800w\" sizes=\"auto, (max-width: 300px) 100vw, 300px\" \/><p id=\"caption-attachment-4176\" class=\"wp-caption-text\"><em><strong>La salida de turistas para aprvechar el fin de lago, se redujo sustancialmente (Foto: Archivo) <\/strong> <\/em><\/p><\/div>\n<p>El n\u00famero de turistas que quiso aprovechar el \u00faltimo fin de semana largo para disfrutar\u00a0 de unas mini vacaciones\u00a0 se redujo en 64,3%, de acuerdo con el \u00faltimo trabajo publicado por la Confederaci\u00f3n de la mediana empresa (CAME).<\/p>\n<p>En el feriado del 17 de junio, que conmemora la vida y lucha del General G\u00fcemes, la cantidad de viajeros que recorri\u00f3 distintas localidades\u00a0 de turismo fue muy inferior al a\u00f1o pasado, un 64,3% menos.<\/p>\n<p><strong>Viajaron 802 mil turistas\u00a0<\/strong>en los tres d\u00edas que dur\u00f3 el fin de semana y gastaron $81.464 millones en alimentos, bebidas, alojamiento, transporte, recreaci\u00f3n y compras diversas.<\/p>\n<p>\u201cCon elomo atractivo principal, hubo primordialmente movimiento hacia lugares cercanos y visitas m\u00e1s familiares que vacacionales\u201d, se\u00f1ala el informe.<\/p>\n<p>En rigor, los turistas\u00a0<strong>gastaron en promedio $50.788 diarios<\/strong>, un 3,4% menos que en la misma fecha de 2023 (a precios reales) y\u00a0<strong>tuvo una estad\u00eda media de 2 d\u00edas<\/strong>, que tambi\u00e9n result\u00f3 por debajo de lo que es habitual en un fin de semana de 3 d\u00edas (suele ser entre 2,2 y 2,5).<\/p>\n<p>\u201cEn lo que va del a\u00f1o hubo 3 fines de semana largos, donde se movilizaron 6,6 millones de personas y desembolsaron $1.065.990 millones (US$1.169 millones a d\u00f3lar oficial del BNA)\u201d, se\u00f1ala la CAME<strong>(VW)<\/strong>.<\/p>\n<p>&nbsp;<\/p>\n","protected":false},"excerpt":{"rendered":"<p>Seg\u00fan el ultimo informe de CAME el n\u00fameo de turistas que aprovech\u00f3 el \u00faltimo fin de semana largo se retrajo en m\u00e1s del 64%.<\/p>\n","protected":false},"author":3,"featured_media":4176,"comment_status":"closed","ping_status":"closed","sticky":false,"template":"","format":"standard","meta":{"_monsterinsights_skip_tracking":false,"_monsterinsights_sitenote_active":false,"_monsterinsights_sitenote_note":"","_monsterinsights_sitenote_category":0,"footnotes":""},"categories":[700],"tags":[226,6228,11],"class_list":["post-14881","post","type-post","status-publish","format-standard","has-post-thumbnail","hentry","category-turismo","tag-destinos","tag-fin-d-largo","tag-turistas"],"_links":{"self":[{"href":"https:\/\/www.visionweb.com.ar\/index.php?rest_route=\/wp\/v2\/posts\/14881","targetHints":{"allow":["GET"]}}],"collection":[{"href":"https:\/\/www.visionweb.com.ar\/index.php?rest_route=\/wp\/v2\/posts"}],"about":[{"href":"https:\/\/www.visionweb.com.ar\/index.php?rest_route=\/wp\/v2\/types\/post"}],"author":[{"embeddable":true,"href":"https:\/\/www.visionweb.com.ar\/index.php?rest_route=\/wp\/v2\/users\/3"}],"replies":[{"embeddable":true,"href":"https:\/\/www.visionweb.com.ar\/index.php?rest_route=%2Fwp%2Fv2%2Fcomments&post=14881"}],"version-history":[{"count":1,"href":"https:\/\/www.visionweb.com.ar\/index.php?rest_route=\/wp\/v2\/posts\/14881\/revisions"}],"predecessor-version":[{"id":14882,"href":"https:\/\/www.visionweb.com.ar\/index.php?rest_route=\/wp\/v2\/posts\/14881\/revisions\/14882"}],"wp:featuredmedia":[{"embeddable":true,"href":"https:\/\/www.visionweb.com.ar\/index.php?rest_route=\/wp\/v2\/media\/4176"}],"wp:attachment":[{"href":"https:\/\/www.visionweb.com.ar\/index.php?rest_route=%2Fwp%2Fv2%2Fmedia&parent=14881"}],"wp:term":[{"taxonomy":"category","embeddable":true,"href":"https:\/\/www.visionweb.com.ar\/index.php?rest_route=%2Fwp%2Fv2%2Fcategories&post=14881"},{"taxonomy":"post_tag","embeddable":true,"href":"https:\/\/www.visionweb.com.ar\/index.php?rest_route=%2Fwp%2Fv2%2Ftags&post=14881"}],"curies":[{"name":"wp","href":"https:\/\/api.w.org\/{rel}","templated":true}]}}