{"id":14877,"date":"2024-06-17T09:52:35","date_gmt":"2024-06-17T12:52:35","guid":{"rendered":"https:\/\/www.visionweb.com.ar\/?p=14877"},"modified":"2024-06-17T09:52:35","modified_gmt":"2024-06-17T12:52:35","slug":"sileone-la-reforma-educativa-se-aprobo-por-unanimidad-con-el-apoyo-de-la-ucr-y-del-pro","status":"publish","type":"post","link":"https:\/\/www.visionweb.com.ar\/?p=14877","title":{"rendered":"Sileone: La Reforma Educativa se aprob\u00f3 por unanimidad con el apoyo de la UCR y del PRO"},"content":{"rendered":"<p><em><strong>El titular de la cartera educativa bonaerense explic\u00f3 los lineamientos centrales del proyecto, que terina con la repitencia y propone un recorrido m\u00e1s parecido al universitario.<\/strong><\/em><!--more--><\/p>\n<p><img loading=\"lazy\" decoding=\"async\" class=\"size-medium wp-image-14878 alignright\" src=\"https:\/\/www.visionweb.com.ar\/wp-content\/uploads\/2024\/06\/Educacion-300x193.png\" alt=\"\" width=\"300\" height=\"193\" srcset=\"https:\/\/www.visionweb.com.ar\/wp-content\/uploads\/2024\/06\/Educacion-300x193.png 300w, https:\/\/www.visionweb.com.ar\/wp-content\/uploads\/2024\/06\/Educacion.png 696w\" sizes=\"auto, (max-width: 300px) 100vw, 300px\" \/>El Director General de Cultura y Educaci\u00f3n de la provincia de Buenos Aires, Alberto Sileoni, explic\u00f3\u00a0<strong>los cambios que se implementar\u00e1n en las escuelas secundarias<\/strong>\u00a0y precis\u00f3 que se trata de un modelo \u201cm\u00e1s parecido al universitario\u201d, aunque de \u201cexigencia acompa\u00f1ada\u201d.<\/p>\n<p>Asimismo, expres\u00f3 que la decisi\u00f3n no fue de \u00e9l o del Gobernador, Axel Kicillof,\u00a0<strong>sino que fue discutida en un espacio multipartidario<\/strong>.<\/p>\n<p>\u201cEn la provincia de Buenos Aires hay un Consejo General de Educaci\u00f3n pluripartidario, podr\u00edamos haber aprobado esto por mayor\u00eda, pero decidimos que no porque es algo muy importante, y\u00a0<strong>lo aprobamos por unanimidad, junto a sectores radicales y del PRO<\/strong>\u201d, precis\u00f3 Sileoni en di\u00e1logo con el programa Qu\u00e9 me cont\u00e1s, por El Destape.<\/p>\n<p>El eje m\u00e1s resonante del proyecto<strong>\u00a0propone que no exista m\u00e1s la repitencia, algo que gener\u00f3 alunas cr\u00edticas.\u00a0<\/strong>No obstante, el titular de la cartera educativa bonaerense aument\u00f3 de qu\u00e9 se trata este cambio.<\/p>\n<p><strong>\u201cHemos tomado la decisi\u00f3n de dejar atr\u00e1s 100 a\u00f1os de repitencia en Argentina,<\/strong>\u00a0algo que ya ha hecho buena parte del mundo, la mitad de las provincias argentinas. Pusimos un principio muy del sentido com\u00fan: la materia que aprob\u00e1s no la ten\u00e9s que recursar, como s\u00ed ocurre con la repitencia\u201d, indic\u00f3.<\/p>\n<p>\u201cAlgunos creen que sin repitencia no hay exigencia, y nosotros creemos que s\u00ed.\u00a0<strong>Repetir no hace que aprendas m\u00e1s, y es un poderoso obst\u00e1culo para los sectores m\u00e1s vulnerables.\u00a0<\/strong>Ya en las escuelas no est\u00e1 el protot\u00edpico alumno de la escuela secundaria, tenemos 1.700.000 alumnos, en muchas instituciones hay lugares para que las estudiantes traigan a sus hijos e hijas, muchos alumnos son padres, son otras realidades, otros dicen \u2018profe, salgo dos d\u00edas de la escuela porque tengo una changa y vuelvo\u2019.\u00a0<strong>Ese universo tradicional de la escuela secundaria ya no es m\u00e1s<\/strong>\u201d, describi\u00f3.<\/p>\n<p>Sobre la similitud de la reforma en la escuela secundaria con el recorrido universitario, Sileoni grafic\u00f3 los puntos m\u00e1s salientes.<\/p>\n<p>\u201cEs algo m\u00e1s parecido a c\u00f3mo camin\u00e1s la universidad. Por ejemplo, nosotros dos empezamos juntos Derecho, vos la termin\u00e1s en cinco a\u00f1os y yo en siete. <strong>Yo no voy a decir repet\u00ed segundo a\u00f1o, en la universidad no repet\u00eds, tard\u00e1s un poco m\u00e1s\u00bb.<\/strong><\/p>\n<p>Muchos chicos en la secundaria tardan un poco m\u00e1s\u201d, asever\u00f3, y detall\u00f3: \u201cNo significa que por que no haya repitencia vaya a ser un \u2018viva la Pepa\u2019, pero vamos a contar con una mirada m\u00e1s atenta al acompa\u00f1amiento, si est\u00e1s excedido de materias adeudadas vas a tener que parar, vas a poder recursar algunas materias a contraturno, el sistema tiene dos cuatrimestres, volvemos a la nota num\u00e9rica,\u00a0<strong>aprob\u00e1s cada uno con 7, no te regalan nada ni se promedia, no vale 6 y 8, si no aprob\u00e1s<\/strong>\u00a0el primero y el segundo s\u00ed ten\u00e9s que entrar en un periodo de intensificaci\u00f3n, estudiar no solo con profes habituales sino con otros que te van a apoyar, y se rinde en diciembre y febrero\u201d.<\/p>\n<p>Sileoni remarc\u00f3 que hay buena predisposici\u00f3n de los gremios y que las cr\u00edticas al proyecto llegaron de los sectores esperados. \u201cTenemos la obligaci\u00f3n de en este semestre explicarle mucho a la sociedad\u201d, precis\u00f3 sobre la difusi\u00f3n certera de las modificaciones, y concluy\u00f3: \u201c<strong>Es m\u00e1s exigencia acompa\u00f1ada, nadie estudia solo.<\/strong> Cuando a un pibe de clase media le va mal siempre hay un recurso de profesor particular, cuando a los pibes de los sectores m\u00e1s vulnerables les va mal no hay profesor particular, ponen el cuerpo solos, y necesitamos que haya m\u00e1s egreso de las escuelas secundarias\u201d<strong>(VW).\u00a0<\/strong><\/p>\n","protected":false},"excerpt":{"rendered":"<p>El titular de la cartera educativa bonaerense explic\u00f3 los lineamientos centrales del proyecto, que terina con la repitencia y propone un recorrido m\u00e1s parecido al universitario.<\/p>\n","protected":false},"author":3,"featured_media":14878,"comment_status":"closed","ping_status":"closed","sticky":false,"template":"","format":"standard","meta":{"_monsterinsights_skip_tracking":false,"_monsterinsights_sitenote_active":false,"_monsterinsights_sitenote_note":"","_monsterinsights_sitenote_category":0,"footnotes":""},"categories":[7],"tags":[23,890,2160],"class_list":["post-14877","post","type-post","status-publish","format-standard","has-post-thumbnail","hentry","category-educacion-y-cultura","tag-educacion","tag-legisladores","tag-sileoni"],"_links":{"self":[{"href":"https:\/\/www.visionweb.com.ar\/index.php?rest_route=\/wp\/v2\/posts\/14877","targetHints":{"allow":["GET"]}}],"collection":[{"href":"https:\/\/www.visionweb.com.ar\/index.php?rest_route=\/wp\/v2\/posts"}],"about":[{"href":"https:\/\/www.visionweb.com.ar\/index.php?rest_route=\/wp\/v2\/types\/post"}],"author":[{"embeddable":true,"href":"https:\/\/www.visionweb.com.ar\/index.php?rest_route=\/wp\/v2\/users\/3"}],"replies":[{"embeddable":true,"href":"https:\/\/www.visionweb.com.ar\/index.php?rest_route=%2Fwp%2Fv2%2Fcomments&post=14877"}],"version-history":[{"count":1,"href":"https:\/\/www.visionweb.com.ar\/index.php?rest_route=\/wp\/v2\/posts\/14877\/revisions"}],"predecessor-version":[{"id":14879,"href":"https:\/\/www.visionweb.com.ar\/index.php?rest_route=\/wp\/v2\/posts\/14877\/revisions\/14879"}],"wp:featuredmedia":[{"embeddable":true,"href":"https:\/\/www.visionweb.com.ar\/index.php?rest_route=\/wp\/v2\/media\/14878"}],"wp:attachment":[{"href":"https:\/\/www.visionweb.com.ar\/index.php?rest_route=%2Fwp%2Fv2%2Fmedia&parent=14877"}],"wp:term":[{"taxonomy":"category","embeddable":true,"href":"https:\/\/www.visionweb.com.ar\/index.php?rest_route=%2Fwp%2Fv2%2Fcategories&post=14877"},{"taxonomy":"post_tag","embeddable":true,"href":"https:\/\/www.visionweb.com.ar\/index.php?rest_route=%2Fwp%2Fv2%2Ftags&post=14877"}],"curies":[{"name":"wp","href":"https:\/\/api.w.org\/{rel}","templated":true}]}}