{"id":14868,"date":"2024-06-14T10:12:12","date_gmt":"2024-06-14T13:12:12","guid":{"rendered":"https:\/\/www.visionweb.com.ar\/?p=14868"},"modified":"2024-06-14T10:12:12","modified_gmt":"2024-06-14T13:12:12","slug":"nueva-edicion-de-la-expo-feria-en-almirante-brown-en-el-mes-del-medioambiente","status":"publish","type":"post","link":"https:\/\/www.visionweb.com.ar\/?p=14868","title":{"rendered":"Nueva edici\u00f3n de la \u201cExpo Feria\u201d en Almirante Brown en el mes del medioambiente"},"content":{"rendered":"<p><strong>H<em>abr\u00e1 charlas, capacitaciones, visitas guiadas, shows en vivo, patio de comidas y diversas actividades que a la vez se extender\u00e1n durante la semana.<\/em><\/strong><!--more--><\/p>\n<div id=\"attachment_14869\" style=\"width: 310px\" class=\"wp-caption alignright\"><img loading=\"lazy\" decoding=\"async\" aria-describedby=\"caption-attachment-14869\" class=\"wp-image-14869 size-medium\" src=\"https:\/\/www.visionweb.com.ar\/wp-content\/uploads\/2024\/06\/Alm-brown-feria-medioambiente-300x212.png\" alt=\"\" width=\"300\" height=\"212\" srcset=\"https:\/\/www.visionweb.com.ar\/wp-content\/uploads\/2024\/06\/Alm-brown-feria-medioambiente-300x212.png 300w, https:\/\/www.visionweb.com.ar\/wp-content\/uploads\/2024\/06\/Alm-brown-feria-medioambiente.png 543w\" sizes=\"auto, (max-width: 300px) 100vw, 300px\" \/><p id=\"caption-attachment-14869\" class=\"wp-caption-text\">Foto: Prensa Almirante Brown<\/p><\/div>\n<p><strong> \u00a0 E<\/strong>l Municipio de <strong>Almirante Brown<\/strong> llevar\u00e1 adelante este s\u00e1bado 15 y domingo 16 de junio una nueva edici\u00f3n de la <strong>\u201cExpo Feria\u201d<\/strong> en la Granja Educativa Municipal de Ministro Rivadavia, donde habr\u00e1 ferias de emprendedores, patio de comidas, shows en vivo y numerosas actividades, con entrada libre y gratuita.<\/p>\n<p>Ambas jornadas se realizar\u00e1n de 10 a 17 horas en el espacio ubicado en Juan B. Justo N\u00b0 1000, y la propuesta incluye la presencia de la <strong>Feria de Productores Rurales<\/strong>, la <strong>Feria de Mujeres Emprendedoras y la Feria Mi Pyme<\/strong>, adem\u00e1s de un <strong>Circuito de Viveros con plantas y flores<\/strong> e insumos.<\/p>\n<p>A eso se sumar\u00e1n tambi\u00e9n actividades de granja como la <strong>entrega de kits hort\u00edcolas y plantines<\/strong>, junto con recorridas y visitas guiadas donde se brindar\u00e1 informaci\u00f3n sobre los distintos rincones que forman parte de este importante establecimiento browniano.<\/p>\n<p>Entre los <strong>shows en vivo<\/strong>, el s\u00e1bado 15 tocar\u00e1n las bandas Polaroid, Encendidos y Los Joacos, mientras que el domingo har\u00e1n lo propio Carina Andino, Cenias Del Alba y Les \u00d1erys.<\/p>\n<p>\u201cInvitamos a nuestros vecinos y vecinas a participar de una nueva edici\u00f3n de la Expo Feria junto a nuestros emprendedores, productores rurales, visitas guiadas por la granja, shows en vivo y muchas propuestas m\u00e1s para pasar una tarde en familia y amigos, todo en un entorno al aire libre\u201d, remarc\u00f3 el intendente de Almirante Brown, Mariano Cascallares.<\/p>\n<p>La Expo Feria es organizada por el Municipio de Almirante Brown a trav\u00e9s de la Secretar\u00eda de Producci\u00f3n, Empleo y Formaci\u00f3n profesional, y en los distintos espacios los visitantes encontrar\u00e1n una amplia variedad de productos elaborados regionalmente.<\/p>\n<p>El <strong>Patio de Comidas<\/strong>, por ejemplo, contar\u00e1 con parrilla, Food Trucks, cosas dulces, comidas sin tacc y mucho m\u00e1s; en tanto que los stands de productores locales ofrecer\u00e1n frutas y verduras, huevos de campo, plantas suculentas, quesos artesanales, dulces, conservas, salamines, macetas, panificados y elementos para armar tu propia huerta.<\/p>\n<p>Finalmente, en la <strong>Feria Mi Pyme<\/strong> los vecinos encontrar\u00e1n elementos impresos en 3D, cer\u00e1mica, macetas, agendas y encuadernaci\u00f3n, mates, alforjas, parches y stickers, indumentaria, textil, juguetes artesanales, bijouterie, anim\u00e9 y marroquiner\u00eda.<\/p>\n<p>Por su parte, la Feria de Mujeres Emprendedoras ofrecer\u00e1 indumentaria, cosm\u00e9tica natural, sublimaciones, y mucho m\u00e1s.<\/p>\n<p><strong>M\u00e1s actividades:<\/strong><\/p>\n<p>A la vez, en el marco del D\u00eda Mundial del Ambiente, el Municipio de Almirante Brown\u00a0<strong>anunci\u00f3 actividades de promoci\u00f3n, charlas de capacitaci\u00f3n y concientizaci\u00f3n en escuelas\u00a0<\/strong>y diversos sectores del distrito.<\/p>\n<p>La presentaci\u00f3n de la\u00a0<strong>Gu\u00eda de siembra de nativas, tareas de compostaje y reciclado y un taller de observaci\u00f3n de aves, son algunas de las acciones previstas\u00a0<\/strong>por la comuna a trav\u00e9s del programa Brown Verde que promueve el cuidado del ambiente para mejorar la calidad de vida de los vecinos del distrito.<\/p>\n<p>Tambi\u00e9n ese s\u00e1bado 15, de 10 a 17, la Granja Educativa Municipal de Ministro Rivadavia (Av. Juan B. Justo 1000) dispondr\u00e1 de un stand de promoci\u00f3n ambiental en el marco de la Expo Feria. El mismo d\u00eda, se realizar\u00e1 el\u00a0<strong>lanzamiento de la Gu\u00eda de siembra de nativas<\/strong>\u00a0que incluir\u00e1 una charla abierta a la comunidad sobre biodiversidad de dichas especies. Ambas propuestas se repetir\u00e1n el domingo 16.<\/p>\n<p>Pensada para personas que quieran iniciar su relaci\u00f3n con la plantaci\u00f3n, l<strong>a gu\u00eda es digital, y cuenta con ejemplos concretos y pr\u00e1cticos\u00a0<\/strong>de como sembrar plantas, \u00e1rboles y arbustos nativos que favorecen la biodiversidad de nuestra eco regi\u00f3n, que se integran bien al clima, al suelo y a nuestros ecosistemas.<\/p>\n<p>El mi\u00e9rcoles 19, en la Casa de la Cultura de Adrogu\u00e9<strong>\u00a0se proyectar\u00e1 para la comunidad educativa de Almirante Brown la pel\u00edcula Wall E,<\/strong>\u00a0que invita a la reflexi\u00f3n sobre los residuos de aparatos el\u00e9ctricos y electr\u00f3nicos.<\/p>\n<p>El mismo d\u00eda se brindar\u00e1 una\u00a0<strong>charla de Residuos Reciclable<\/strong>s en EES 39, a trav\u00e9s del Programa Eco Inclusi\u00f3n.<\/p>\n<p>El martes 25, tambi\u00e9n en la Casa de la Cultura se llevar\u00e1 adelante una<strong>\u00a0capacitaci\u00f3n para docentes en el marco del Programa Un \u00c1rbol para mi Escuela.<\/strong><\/p>\n<p>Para el mi\u00e9rcoles 26 se prev\u00e9 la realizaci\u00f3n de una\u00a0<strong>charla de biodiversidad nativa para instituciones educativas,\u00a0<\/strong>que tendr\u00e1 lugar en la EESA 1 de Ministro Rivadavia.<\/p>\n<p>Adem\u00e1s, ese d\u00eda, a las 16 horas, se ofrecer\u00e1 una c<strong>harla abierta a la comunidad sobre pol\u00edticas p\u00fablicas relacionadas a Residuos y la Gesti\u00f3n de Reciclado.<\/strong>\u00a0La actividad tambi\u00e9n tendr\u00e1 como escenario la Casa de la Cultura.<\/p>\n<p>El viernes 28 se presentar\u00e1 el\u00a0<strong>Programa de Reciclado en los Clubes de Barrio, j<\/strong>unto a instituciones barriales de todas las localidades. El objetivo es sumar a los clubes en dicho proyecto para que junten el material que pueda reciclarse. Tambi\u00e9n se brindar\u00e1 una charla sobre residuos reciclables EES 11, el viejo Colegio Nacional, de Adrogu\u00e9.<\/p>\n<p>Finalmente, orientado a un p\u00fablico que se inicie o no cuente con experiencia previa, el s\u00e1bado 29, a partir de las 8, se llevar\u00e1 adelante el\u00a0<strong>Taller de observaci\u00f3n de aves\u00a0<\/strong>junto al Club de Observadores de Aves de Brown y la Universidad Nacional Guillermo Brown (UNAB) en la Quinta Rocca de Burzaco.<\/p>\n<p>Durante el encuentro se brindar\u00e1 una peque\u00f1a introducci\u00f3n vinculada a cuestiones b\u00e1sicas de la actividad, se hablar\u00e1 sobre la\u00a0<strong>diversidad de especies de aves y ambientes\u00a0<\/strong>presentes en el municipio y se recorrer\u00e1 el \u00e1rea identificando las especies que aparezcan. <strong>(VW)<\/strong><\/p>\n<p>&nbsp;<\/p>\n","protected":false},"excerpt":{"rendered":"<p>Habr\u00e1 charlas, capacitaciones, visitas guiadas, shows en vivo, patio de comidas y diversas actividades que a la vez se extender\u00e1n durante la semana.<\/p>\n","protected":false},"author":4,"featured_media":14869,"comment_status":"closed","ping_status":"closed","sticky":false,"template":"","format":"standard","meta":{"_monsterinsights_skip_tracking":false,"_monsterinsights_sitenote_active":false,"_monsterinsights_sitenote_note":"","_monsterinsights_sitenote_category":0,"footnotes":""},"categories":[8],"tags":[6225,4598,6224],"class_list":["post-14868","post","type-post","status-publish","format-standard","has-post-thumbnail","hentry","category-interes-general","tag-expo-feria","tag-medioambiente","tag-municipio-de-almirante-brown"],"_links":{"self":[{"href":"https:\/\/www.visionweb.com.ar\/index.php?rest_route=\/wp\/v2\/posts\/14868","targetHints":{"allow":["GET"]}}],"collection":[{"href":"https:\/\/www.visionweb.com.ar\/index.php?rest_route=\/wp\/v2\/posts"}],"about":[{"href":"https:\/\/www.visionweb.com.ar\/index.php?rest_route=\/wp\/v2\/types\/post"}],"author":[{"embeddable":true,"href":"https:\/\/www.visionweb.com.ar\/index.php?rest_route=\/wp\/v2\/users\/4"}],"replies":[{"embeddable":true,"href":"https:\/\/www.visionweb.com.ar\/index.php?rest_route=%2Fwp%2Fv2%2Fcomments&post=14868"}],"version-history":[{"count":1,"href":"https:\/\/www.visionweb.com.ar\/index.php?rest_route=\/wp\/v2\/posts\/14868\/revisions"}],"predecessor-version":[{"id":14870,"href":"https:\/\/www.visionweb.com.ar\/index.php?rest_route=\/wp\/v2\/posts\/14868\/revisions\/14870"}],"wp:featuredmedia":[{"embeddable":true,"href":"https:\/\/www.visionweb.com.ar\/index.php?rest_route=\/wp\/v2\/media\/14869"}],"wp:attachment":[{"href":"https:\/\/www.visionweb.com.ar\/index.php?rest_route=%2Fwp%2Fv2%2Fmedia&parent=14868"}],"wp:term":[{"taxonomy":"category","embeddable":true,"href":"https:\/\/www.visionweb.com.ar\/index.php?rest_route=%2Fwp%2Fv2%2Fcategories&post=14868"},{"taxonomy":"post_tag","embeddable":true,"href":"https:\/\/www.visionweb.com.ar\/index.php?rest_route=%2Fwp%2Fv2%2Ftags&post=14868"}],"curies":[{"name":"wp","href":"https:\/\/api.w.org\/{rel}","templated":true}]}}