{"id":14858,"date":"2024-06-14T08:49:20","date_gmt":"2024-06-14T11:49:20","guid":{"rendered":"https:\/\/www.visionweb.com.ar\/?p=14858"},"modified":"2024-06-14T08:51:38","modified_gmt":"2024-06-14T11:51:38","slug":"carne-se-extienden-los-acuerdos-de-precio-con-puntos-de-venta-en-cinco-localidades-de-alte-brown","status":"publish","type":"post","link":"https:\/\/www.visionweb.com.ar\/?p=14858","title":{"rendered":"Carne: Se extienden los acuerdos de precio con puntos de venta en cinco localidades de Alte Brown"},"content":{"rendered":"<p><strong><em>Se trata del acuerdo que rige entre la Comuna browniana y la empresa comercializadora \u201cMorres\u201d, que arranc\u00f3 a fines de diciembre de 2023.<\/em><\/strong><!--more--><\/p>\n<p style=\"font-weight: 400;\"><img loading=\"lazy\" decoding=\"async\" class=\"size-medium wp-image-14859 alignright\" src=\"https:\/\/www.visionweb.com.ar\/wp-content\/uploads\/2024\/06\/CARNE-300x183.png\" alt=\"\" width=\"300\" height=\"183\" srcset=\"https:\/\/www.visionweb.com.ar\/wp-content\/uploads\/2024\/06\/CARNE-300x183.png 300w, https:\/\/www.visionweb.com.ar\/wp-content\/uploads\/2024\/06\/CARNE.png 640w\" sizes=\"auto, (max-width: 300px) 100vw, 300px\" \/>El Municipio de Almirante Brown anunci\u00f3 que extendi\u00f3 hasta el domingo 16 de junio \u00abD\u00eda del Padre\u00bb el Acuerdo de Precios que mantiene con un conocido frigor\u00edfico de la regi\u00f3n con una importante oferta de asado a $4.599, adem\u00e1s de 14 cortes m\u00e1s, con el objetivo de cuidar el bolsillo de las vecinas y vecinos.<\/p>\n<p style=\"font-weight: 400;\">Se trata del\u00a0acuerdo\u00a0que rige entre la Comuna browniana y la empresa comercializadora \u201cMorres\u201d, el cual arranc\u00f3 a fines de diciembre de 2023 y es aplicable en sus sucursales en las localidades de Burzaco, Glew, Claypole y Longchamps para una amplia variedad de cortes.<\/p>\n<p style=\"font-weight: 400;\">En ese marco, se puede conseguir el kilo de Espinazo a $1.849 o dos kilos a $3.199; Falda Parrillera a $2.999 el kilo o dos kilos a $5.599; Osobuco a #3.499 el kilo o dos a $6.599; Costillita de Cerdo a $3.799 el kilo; Pechito a $3.849; y Tapa de Bife a $3.899 el kilo o dos a $7.399, se inform\u00f3 desde el Municipio.<\/p>\n<p style=\"font-weight: 400;\">Tambi\u00e9n Matambre a $4.899; la oferta de Asado a $4.599 el kilo; Tapa de Nalga a $5.599; Aguja\/Roast Beef a $5.999 el kilo; Bola de Lomo a $6.399; Cuadrada a $6.399; Paleta a $6.399 y Peceto a $7.799 el kilo.<\/p>\n<p style=\"font-weight: 400;\">Los vecinos y vecinas pueden acceder a las ofertas hasta el domingo 21 en las sucursales ubicadas en Hip\u00f3lito Yrigoyen N\u00b014677 y en Joaqu\u00edn V. Gonz\u00e1lez N\u00b0 2500, en Burzaco; Almafuerte N\u00b0 50 y Patria N\u00b0 25, en Glew; Avenida Lacaze N\u00b0 4298 de Claypole; y en Jos\u00e9 Alberto Kellertas N\u00b0 712, de Longchamps, cuya atenci\u00f3n es a partir de las 13 horas.<\/p>\n<p style=\"font-weight: 400;\">\u201cSeguimos fomentando el consumo local en Almirante Brown, garantizando el acceso a los alimentos de calidad pero cuidando el bolsillo de nuestros vecinos, en este delicado contexto econ\u00f3mico nacional que estamos atravesando\u201d, subray\u00f3 Mariano Cascallares.<\/p>\n<p style=\"font-weight: 400;\">Cabe destacar que en simult\u00e1neo contin\u00faa tambi\u00e9n el nuevo Acuerdo de Precios para una decena de cortes de carne con el\u00a0frigor\u00edfico\u00a0\u201cDo\u00f1a Mar\u00eda\u201d, de la localidad de Malvinas Argentinas, ubicado en la avenida Monteverde N\u00b01745, el cual est\u00e1 abierto de lunes a s\u00e1bados de 6 a 15 horas, y los domingos entre las 7.30 y las 13 horas.<\/p>\n<p style=\"font-weight: 400;\">Entre algunos de los cortes disponibles en este comercio, se encuentran el Asado $3.990; Tortuguita\/Palomita $5.390; Tapa de Nalga, Cuadrada y Bola de Lomo a $5.690; Nalga sin Tapa $6.390; Cuadril, Peceto y C. Cuadril $6.490 por kilo<strong>(VW)<\/strong>.<\/p>\n","protected":false},"excerpt":{"rendered":"<p>Se trata del acuerdo que rige entre la Comuna browniana y la empresa comercializadora \u201cMorres\u201d, que arranc\u00f3 a fines de diciembre de 2023.<\/p>\n","protected":false},"author":3,"featured_media":14859,"comment_status":"closed","ping_status":"closed","sticky":false,"template":"","format":"standard","meta":{"_monsterinsights_skip_tracking":false,"_monsterinsights_sitenote_active":false,"_monsterinsights_sitenote_note":"","_monsterinsights_sitenote_category":0,"footnotes":""},"categories":[8],"tags":[1305,371,47,366,6221],"class_list":["post-14858","post","type-post","status-publish","format-standard","has-post-thumbnail","hentry","category-interes-general","tag-brown","tag-carne","tag-precios","tag-vacuna","tag-venta"],"_links":{"self":[{"href":"https:\/\/www.visionweb.com.ar\/index.php?rest_route=\/wp\/v2\/posts\/14858","targetHints":{"allow":["GET"]}}],"collection":[{"href":"https:\/\/www.visionweb.com.ar\/index.php?rest_route=\/wp\/v2\/posts"}],"about":[{"href":"https:\/\/www.visionweb.com.ar\/index.php?rest_route=\/wp\/v2\/types\/post"}],"author":[{"embeddable":true,"href":"https:\/\/www.visionweb.com.ar\/index.php?rest_route=\/wp\/v2\/users\/3"}],"replies":[{"embeddable":true,"href":"https:\/\/www.visionweb.com.ar\/index.php?rest_route=%2Fwp%2Fv2%2Fcomments&post=14858"}],"version-history":[{"count":3,"href":"https:\/\/www.visionweb.com.ar\/index.php?rest_route=\/wp\/v2\/posts\/14858\/revisions"}],"predecessor-version":[{"id":14862,"href":"https:\/\/www.visionweb.com.ar\/index.php?rest_route=\/wp\/v2\/posts\/14858\/revisions\/14862"}],"wp:featuredmedia":[{"embeddable":true,"href":"https:\/\/www.visionweb.com.ar\/index.php?rest_route=\/wp\/v2\/media\/14859"}],"wp:attachment":[{"href":"https:\/\/www.visionweb.com.ar\/index.php?rest_route=%2Fwp%2Fv2%2Fmedia&parent=14858"}],"wp:term":[{"taxonomy":"category","embeddable":true,"href":"https:\/\/www.visionweb.com.ar\/index.php?rest_route=%2Fwp%2Fv2%2Fcategories&post=14858"},{"taxonomy":"post_tag","embeddable":true,"href":"https:\/\/www.visionweb.com.ar\/index.php?rest_route=%2Fwp%2Fv2%2Ftags&post=14858"}],"curies":[{"name":"wp","href":"https:\/\/api.w.org\/{rel}","templated":true}]}}