{"id":14845,"date":"2024-06-13T10:19:08","date_gmt":"2024-06-13T13:19:08","guid":{"rendered":"https:\/\/www.visionweb.com.ar\/?p=14845"},"modified":"2024-06-13T10:19:08","modified_gmt":"2024-06-13T13:19:08","slug":"senado-bonaerense-frenan-el-proyecto-que-sube-indemnizaciones-laborales","status":"publish","type":"post","link":"https:\/\/www.visionweb.com.ar\/?p=14845","title":{"rendered":"Senado bonaerense: Frenan el proyecto que sube indemnizaciones laborales"},"content":{"rendered":"<p><em><strong>Senadores de la oposici\u00f3n recibieron a decenas de referentes empresariales para frenar la ley de La C\u00e1mpora que multiplica por 7 las indemnizaciones laborales.<\/strong><\/em><!--more--><\/p>\n<p><strong><img loading=\"lazy\" decoding=\"async\" class=\"size-medium wp-image-14846 alignright\" src=\"https:\/\/www.visionweb.com.ar\/wp-content\/uploads\/2024\/06\/Senado-provincia-300x128.png\" alt=\"\" width=\"300\" height=\"128\" srcset=\"https:\/\/www.visionweb.com.ar\/wp-content\/uploads\/2024\/06\/Senado-provincia-300x128.png 300w, https:\/\/www.visionweb.com.ar\/wp-content\/uploads\/2024\/06\/Senado-provincia.png 694w\" sizes=\"auto, (max-width: 300px) 100vw, 300px\" \/>\u00a0\u00a0 L<\/strong>os bloques opositores del\u00a0<strong>Senado bonaerense<\/strong>\u00a0se reunieron ayer en la sala Nunca M\u00e1s del edificio anexo para escuchar al sector productivo de la provincia de Buenos Aires y consolidar un cerrado rechazo al proyecto de ley de\u00a0<strong>La C\u00e1mpora\u00a0<\/strong>que\u00a0<strong>pretende modificar la tasa de inter\u00e9s aplicable a las sentencias judiciales en materia laboral<\/strong>.<\/p>\n<p>El encuentro se llev\u00f3 adelante el mediod\u00eda del mi\u00e9rcoles en<strong> el anexo de la C\u00e1mara alta en La Plata, donde se congregaron legisladores del PRO, la UCR y La Libertad Avanza 1 junto a representantes <\/strong>de las\u00a0<strong>c\u00e1maras empresarias<\/strong>,\u00a0<strong>PyMes<\/strong>\u00a0y referentes de actividades productivas.<\/p>\n<p>La preocupaci\u00f3n de estos sectores fundada en el proyecto de las\u00a0<strong>indemnizaciones laborales<\/strong>, que estiman se multiplicar\u00edan en m\u00e1s de siete veces si el proyecto que viene con media sanci\u00f3n de la\u00a0<strong>C\u00e1mara de Diputados<\/strong>\u00a0recibe sanci\u00f3n definitiva.<\/p>\n<p>\u201cEste proyecto busca modificar el art\u00edculo 48 de la Ley 11.653; multiplicando el monto de las indemnizaciones en m\u00e1s de 7 veces, poniendo en riesgo la continuidad de las Pymes e impactando negativamente en la generaci\u00f3n de empleo nuevo\u201d denunciaron un grupo de senadores en un comunicado conjunto.<\/p>\n<p>En este sentido, el presidente del bloque del\u00a0<strong>PRO<\/strong>,\u00a0<strong>Alejandro Rabinovich<\/strong>, destac\u00f3 la presencia de \u201cm\u00e1s de la mitad de la fuerza productiva de la provincia de Buenos Aires, que dieron el puntapi\u00e9 para generar los acuerdos <strong>en contra de una medida del kirchnerismo que le pone el pie arriba a la peque\u00f1a, mediana, y grandes industrias<\/strong>\u201d.<\/p>\n<p>\u201c<strong>Claramente estamos ac\u00e1 para frenar este proyecto que vino de la C\u00e1mara de Diputados y que esta norma no avance en el<\/strong>\u00a0<strong>Senado bonaerense<\/strong>. Nuestro rol muchas veces est\u00e1 cuando se abren las puertas, escuchamos, y ponemos sobre la mesa las distintas cuestiones que realmente le importan a la provincia productiva\u201d, afirm\u00f3\u00a0<strong>Rabinovich.<\/strong><\/p>\n<p>En la misma sinton\u00eda, la senadora<strong>\u00a0Aldana Ahumada\u00a0<\/strong>explic\u00f3 que \u201cmedida impulsada por el gobierno de (Axel)\u00a0<strong>Kicillof<\/strong>\u00a0atenta contra el trabajo de todos los vecinos de la provincia de Buenos Aires, haciendo que quiebren miles de empresas y se pierdan muchos puestos de trabajo\u201d.\u00a0<strong>\u201cNuestro voto siempre ser\u00e1 a favor de las PyMEs y en contra de estas medidas destructivas<\/strong>\u201d, remarc\u00f3.\u00a0<strong>\u00a0<\/strong><\/p>\n<p>En rigor, al conclave con el sector empresarial en el\u00a0<strong>Senado bonaerense<\/strong>\u00a0asistieron representantes de los bloques opositores de la\u00a0<strong>UCR + Cambio Federal<\/strong>, del\u00a0<strong>PRO<\/strong>, de\u00a0<strong>Pro Libertad<\/strong>, de\u00a0<strong>Buenos Aires Libre<\/strong>, y de\u00a0<strong>La Libertad Avanza.\u00a0<\/strong>Mientras que, los\u00a0<strong>libertarios dialoguistas\u00a0<\/strong>no estuvieron presentes, pero manifestaron su adhesi\u00f3n y compromiso a votar en contra. <strong>(VW)<\/strong><\/p>\n<p>&nbsp;<\/p>\n","protected":false},"excerpt":{"rendered":"<p>Senadores de la oposici\u00f3n recibieron a decenas de referentes empresariales para frenar la ley de La C\u00e1mpora que multiplica por 7 las indemnizaciones laborales.<\/p>\n","protected":false},"author":4,"featured_media":14846,"comment_status":"closed","ping_status":"closed","sticky":false,"template":"","format":"standard","meta":{"_monsterinsights_skip_tracking":false,"_monsterinsights_sitenote_active":false,"_monsterinsights_sitenote_note":"","_monsterinsights_sitenote_category":0,"footnotes":""},"categories":[4],"tags":[6218,6217,5225],"class_list":["post-14845","post","type-post","status-publish","format-standard","has-post-thumbnail","hentry","category-politica","tag-campora","tag-proyecto-indemnizaciones","tag-senado-bonaeresnse"],"_links":{"self":[{"href":"https:\/\/www.visionweb.com.ar\/index.php?rest_route=\/wp\/v2\/posts\/14845","targetHints":{"allow":["GET"]}}],"collection":[{"href":"https:\/\/www.visionweb.com.ar\/index.php?rest_route=\/wp\/v2\/posts"}],"about":[{"href":"https:\/\/www.visionweb.com.ar\/index.php?rest_route=\/wp\/v2\/types\/post"}],"author":[{"embeddable":true,"href":"https:\/\/www.visionweb.com.ar\/index.php?rest_route=\/wp\/v2\/users\/4"}],"replies":[{"embeddable":true,"href":"https:\/\/www.visionweb.com.ar\/index.php?rest_route=%2Fwp%2Fv2%2Fcomments&post=14845"}],"version-history":[{"count":1,"href":"https:\/\/www.visionweb.com.ar\/index.php?rest_route=\/wp\/v2\/posts\/14845\/revisions"}],"predecessor-version":[{"id":14847,"href":"https:\/\/www.visionweb.com.ar\/index.php?rest_route=\/wp\/v2\/posts\/14845\/revisions\/14847"}],"wp:featuredmedia":[{"embeddable":true,"href":"https:\/\/www.visionweb.com.ar\/index.php?rest_route=\/wp\/v2\/media\/14846"}],"wp:attachment":[{"href":"https:\/\/www.visionweb.com.ar\/index.php?rest_route=%2Fwp%2Fv2%2Fmedia&parent=14845"}],"wp:term":[{"taxonomy":"category","embeddable":true,"href":"https:\/\/www.visionweb.com.ar\/index.php?rest_route=%2Fwp%2Fv2%2Fcategories&post=14845"},{"taxonomy":"post_tag","embeddable":true,"href":"https:\/\/www.visionweb.com.ar\/index.php?rest_route=%2Fwp%2Fv2%2Ftags&post=14845"}],"curies":[{"name":"wp","href":"https:\/\/api.w.org\/{rel}","templated":true}]}}