{"id":14842,"date":"2024-06-13T09:15:37","date_gmt":"2024-06-13T12:15:37","guid":{"rendered":"https:\/\/www.visionweb.com.ar\/?p=14842"},"modified":"2024-06-13T09:15:37","modified_gmt":"2024-06-13T12:15:37","slug":"el-gobierno-declaro-la-emergencia-publica-del-sistema-ferroviario-nacional","status":"publish","type":"post","link":"https:\/\/www.visionweb.com.ar\/?p=14842","title":{"rendered":"El Gobierno declar\u00f3 la emergencia p\u00fablica del sistema ferroviario nacional"},"content":{"rendered":"<p><strong><em>Es por el plazo de 24 meses. La declaraci\u00f3n \u201cpermitir\u00e1 avanzar en acciones necesarias para poder mejorar las condiciones de seguridad operativa en los servicios ferroviarios a trav\u00e9s de la renovaci\u00f3n de la infraestructura\u201d. Se asignar\u00e1n para ello 1,3 billones de pesos.<\/em><\/strong><!--more--><\/p>\n<p><img loading=\"lazy\" decoding=\"async\" class=\"size-medium wp-image-14843 alignright\" src=\"https:\/\/www.visionweb.com.ar\/wp-content\/uploads\/2024\/06\/FRROCARRILES-300x200.png\" alt=\"\" width=\"300\" height=\"200\" srcset=\"https:\/\/www.visionweb.com.ar\/wp-content\/uploads\/2024\/06\/FRROCARRILES-300x200.png 300w, https:\/\/www.visionweb.com.ar\/wp-content\/uploads\/2024\/06\/FRROCARRILES.png 640w\" sizes=\"auto, (max-width: 300px) 100vw, 300px\" \/>El Gobierno nacional declar\u00f3, a trav\u00e9s del\u00a0<strong>DNU 525\/2024<\/strong>, la\u00a0<strong>Emergencia P\u00fablica Ferroviaria<\/strong>, tanto para servicios de pasajeros como de cargas, por un per\u00edodo de\u00a0<strong>dos a\u00f1os<\/strong>.<\/p>\n<p>Seg\u00fan se inform\u00f3 oficialmente, esta declaraci\u00f3n \u201cpermitir\u00e1 que el Gobierno Nacional avance en acciones necesarias para poder mejorar las\u00a0<strong>condiciones de seguridad operativa<\/strong>\u00a0en los servicios ferroviarios a trav\u00e9s de la\u00a0<strong>renovaci\u00f3n de la infraestructura<\/strong>\u201d.<\/p>\n<p>En el decreto se establece la asignaci\u00f3n de casi\u00a0<strong>1,3 billones de pesos<\/strong>\u00a0\u201cpara las inversiones necesarias para mejorar las condiciones de seguridad operativa\u201d, seg\u00fan un comunicado. Y \u201cse facultar\u00e1 a las empresas ferroviarias a\u00a0<strong>renegociar las deudas y contratos heredados por la gesti\u00f3n anterior<\/strong>\u00a0para destinar dichos recursos a la seguridad operativa\u201d.<\/p>\n<p>La declaraci\u00f3n de Emergencia P\u00fablica Ferroviaria abarca los\u00a0<strong>servicios de transporte de pasajeros y cargas de jurisdicci\u00f3n nacional por el plazo de 24 meses<\/strong>. A su vez, comprende la totalidad de las actividades inherentes a la administraci\u00f3n y mantenimiento de la infraestructura ferroviaria, as\u00ed como la operaci\u00f3n de los servicios ferroviarios en la red ferroviaria nacional.<\/p>\n<h2 class=\"wp-block-heading\">Priorizaci\u00f3n<\/h2>\n<p>En los considerandos del decreto se afirma que \u201cresulta fundamental orientar el destino de los fondos p\u00fablicos hacia el objetivo primordial de maximizar las inversiones y los recursos empleados para la prestaci\u00f3n de un servicio ferroviario en condiciones de eficiencia y seguridad, que \u00fanicamente puede lograrse a trav\u00e9s del rigorismo en la imputaci\u00f3n presupuestaria que debe ser focalizada exclusivamente en la seguridad operativa\u201d.<\/p>\n<p>As\u00ed, el DNU exige a las empresas prestatarias a implementar \u201cuna priorizaci\u00f3n de las necesidades m\u00e1s urgentes en materia de infraestructura\u201d, como tambi\u00e9n en cuanto a \u201clas contrataciones necesarias para revertir la situaci\u00f3n de emergencia vigente\u201d.<\/p>\n<p>De este modo, el Gobierno dispuso \u201cun refuerzo presupuestario para recuperar el sistema ferroviario\u201d. Y se recuperan \u201cfondos que fueron desviados a otras \u00e1reas durante la gesti\u00f3n anterior\u201d.<\/p>\n<p>El comunicado oficial asegura que \u201cde esta manera,\u00a0<strong>el Gobierno Nacional reafirma su compromiso con la mejora y la modernizaci\u00f3n del sistema ferroviario<\/strong>\u00a0de contribuir al desarrollo y a la seguridad del transporte ferroviario en nuestro pa\u00eds\u201d.<\/p>\n<h2 class=\"wp-block-heading\">Plan de acci\u00f3n<\/h2>\n<p>En el decreto se designa como autoridad de aplicaci\u00f3n de la emergencia ferroviaria a la\u00a0<strong>Secretar\u00eda de Transporte de la Naci\u00f3n<\/strong>. El organismo deber\u00e1 \u201celaborar un plan de acci\u00f3n, dentro del t\u00e9rmino de los 15 d\u00edas, con las\u00a0<strong>medidas indispensables y urgentes<\/strong>\u00a0a tomar, que resguarden la seguridad operativa de la prestaci\u00f3n del servicio de transporte ferroviario de cargas y pasajeros, incluyendo las solicitudes de readecuaci\u00f3n presupuestaria que resulten pertinentes\u201d.<\/p>\n<p>Para ello, \u201clas empresas ferroviarias que dependen de la Secretar\u00eda de Transporte deber\u00e1n, en sus propuestas, efectuar un esquema de priorizaci\u00f3n de obras, trabajos, capacitaciones y contrataciones, detallando una breve descripci\u00f3n de las mismas, plazo de ejecuci\u00f3n, estimaciones presupuestarias, factibilidad de fuente de financiamiento, condiciones de mantenimiento y seguridad, como as\u00ed tambi\u00e9n, en caso de ser necesario, las adecuaciones de las condiciones laborales de sus trabajadores mediante negociaciones con las representaciones sindicales con \u00e1mbito de actuaci\u00f3n en el sector y dem\u00e1s cuestiones que se consideren pertinentes a los efectos de revertir la situaci\u00f3n de emergencia\u201d(VW).<\/p>\n<p>&nbsp;<\/p>\n","protected":false},"excerpt":{"rendered":"<p>Es por el plazo de 24 meses. La declaraci\u00f3n \u201cpermitir\u00e1 avanzar en acciones necesarias para poder mejorar las condiciones de seguridad operativa en los servicios ferroviarios a trav\u00e9s de la renovaci\u00f3n de la infraestructura\u201d.&#46;&#46;&#46;<\/p>\n","protected":false},"author":3,"featured_media":14843,"comment_status":"closed","ping_status":"closed","sticky":false,"template":"","format":"standard","meta":{"_monsterinsights_skip_tracking":false,"_monsterinsights_sitenote_active":false,"_monsterinsights_sitenote_note":"","_monsterinsights_sitenote_category":0,"footnotes":""},"categories":[8],"tags":[6216,6215,1667,1663,1048],"class_list":["post-14842","post","type-post","status-publish","format-standard","has-post-thumbnail","hentry","category-interes-general","tag-c","tag-estruturas","tag-ferrocarriles","tag-inversiones","tag-reforma"],"_links":{"self":[{"href":"https:\/\/www.visionweb.com.ar\/index.php?rest_route=\/wp\/v2\/posts\/14842","targetHints":{"allow":["GET"]}}],"collection":[{"href":"https:\/\/www.visionweb.com.ar\/index.php?rest_route=\/wp\/v2\/posts"}],"about":[{"href":"https:\/\/www.visionweb.com.ar\/index.php?rest_route=\/wp\/v2\/types\/post"}],"author":[{"embeddable":true,"href":"https:\/\/www.visionweb.com.ar\/index.php?rest_route=\/wp\/v2\/users\/3"}],"replies":[{"embeddable":true,"href":"https:\/\/www.visionweb.com.ar\/index.php?rest_route=%2Fwp%2Fv2%2Fcomments&post=14842"}],"version-history":[{"count":1,"href":"https:\/\/www.visionweb.com.ar\/index.php?rest_route=\/wp\/v2\/posts\/14842\/revisions"}],"predecessor-version":[{"id":14844,"href":"https:\/\/www.visionweb.com.ar\/index.php?rest_route=\/wp\/v2\/posts\/14842\/revisions\/14844"}],"wp:featuredmedia":[{"embeddable":true,"href":"https:\/\/www.visionweb.com.ar\/index.php?rest_route=\/wp\/v2\/media\/14843"}],"wp:attachment":[{"href":"https:\/\/www.visionweb.com.ar\/index.php?rest_route=%2Fwp%2Fv2%2Fmedia&parent=14842"}],"wp:term":[{"taxonomy":"category","embeddable":true,"href":"https:\/\/www.visionweb.com.ar\/index.php?rest_route=%2Fwp%2Fv2%2Fcategories&post=14842"},{"taxonomy":"post_tag","embeddable":true,"href":"https:\/\/www.visionweb.com.ar\/index.php?rest_route=%2Fwp%2Fv2%2Ftags&post=14842"}],"curies":[{"name":"wp","href":"https:\/\/api.w.org\/{rel}","templated":true}]}}