{"id":14834,"date":"2024-06-12T13:12:15","date_gmt":"2024-06-12T16:12:15","guid":{"rendered":"https:\/\/www.visionweb.com.ar\/?p=14834"},"modified":"2024-06-12T13:12:15","modified_gmt":"2024-06-12T16:12:15","slug":"el-gobierno-aumento-88-los-aranceles-prestaciones-por-discapacidad","status":"publish","type":"post","link":"https:\/\/www.visionweb.com.ar\/?p=14834","title":{"rendered":"El Gobierno aument\u00f3 8,8% los aranceles prestaciones por discapacidad"},"content":{"rendered":"<p><em><strong>Es retroactivo al 1\u00b0 de mayo.<\/strong><strong> Se actualizaron los montos destinados a centros de d\u00eda, centros educativos terap\u00e9uticos, instituciones de formaci\u00f3n laboral, escolaridad pre primaria y hogares.<\/strong> <strong>Tambi\u00e9n se otorg\u00f3 un 20% adicional para los prestadores de servicios de las provincias de la zona patag\u00f3nica.<\/strong><\/em><!--more--><\/p>\n<p><strong> <img loading=\"lazy\" decoding=\"async\" class=\"size-medium wp-image-14835 alignright\" src=\"https:\/\/www.visionweb.com.ar\/wp-content\/uploads\/2024\/06\/Discapacidad-300x225.png\" alt=\"\" width=\"300\" height=\"225\" srcset=\"https:\/\/www.visionweb.com.ar\/wp-content\/uploads\/2024\/06\/Discapacidad-300x225.png 300w, https:\/\/www.visionweb.com.ar\/wp-content\/uploads\/2024\/06\/Discapacidad-320x240.png 320w, https:\/\/www.visionweb.com.ar\/wp-content\/uploads\/2024\/06\/Discapacidad.png 404w\" sizes=\"auto, (max-width: 300px) 100vw, 300px\" \/>\u00a0 E<\/strong>l Gobierno actualiz\u00f3 los aranceles del <strong>Sistema de Prestaciones de Atenci\u00f3n Integral a favor de las Personas con Discapacidad<\/strong>, lo cual garantiza las prestaciones sanitarias para titulares de\u00a0Pensiones no Contributivas\u00a0(PNC).<\/p>\n<p>La medida fue tomada conjuntamente por el Ministerio de Salud y la\u00a0<strong>Agencia Nacional de Discapacidad<\/strong>\u00a0(<strong>Andis<\/strong>), y se oficializ\u00f3 este mi\u00e9rcoles por medio de la\u00a0<a href=\"https:\/\/www.boletinoficial.gob.ar\/detalleAviso\/primera\/309150\/20240612\">Resoluci\u00f3n Conjunta 4\/2024<\/a>.<\/p>\n<p>Conforme a la normativa, la actualizaci\u00f3n es del 8,8% retroactivo al 1\u00b0 de mayo de 2024. A la vez, se otorg\u00f3 un 20% adicional para los prestadores de servicios de las provincias de la zona patag\u00f3nica.<\/p>\n<p>Los montos que se actualizan son los destinados a centros de d\u00eda, centros educativos terap\u00e9uticos, instituciones de formaci\u00f3n laboral, escolaridad pre primaria y hogares.<\/p>\n<p>Cabe se\u00f1alar que los aranceles se actualizan peri\u00f3dicamente a partir de la propuesta elevada por el Directorio del Sistema de Prestaciones\u00a0B\u00e1sicas de Atenci\u00f3n Integral a favor de las Personas con Discapacidad y el ajuste anterior se hab\u00eda aplicado en abril, con\u00a0un 12%.<\/p>\n<p>Ahora, el Poder Ejecutivo se\u00f1al\u00f3 que \u201catento a la necesidad de <strong>readecuar los aranceles<\/strong> del Nomenclador de Prestaciones B\u00e1sicas para Personas con Discapacidad, el Directorio del Sistema de Prestaciones B\u00e1sicas de Atenci\u00f3n Integral propuso la <strong>modificaci\u00f3n de ese Nomenclador con el objeto de conferir una actualizaci\u00f3n<\/strong>, de conformidad con lo acordado el 4 de junio de 2024\u201d.<\/p>\n<p>Seg\u00fan lo dispuesto,\u00a0<strong>las prestaciones actualizadas van desde\u00a0$2.804,19 hasta $1.832.087,35, seg\u00fan la necesidad de cada persona<\/strong>. <strong>(VW)<\/strong><\/p>\n","protected":false},"excerpt":{"rendered":"<p>Es retroactivo al 1\u00b0 de mayo. Se actualizaron los montos destinados a centros de d\u00eda, centros educativos terap\u00e9uticos, instituciones de formaci\u00f3n laboral, escolaridad pre primaria y hogares. Tambi\u00e9n se otorg\u00f3 un 20% adicional para&#46;&#46;&#46;<\/p>\n","protected":false},"author":4,"featured_media":14835,"comment_status":"closed","ping_status":"closed","sticky":false,"template":"","format":"standard","meta":{"_monsterinsights_skip_tracking":false,"_monsterinsights_sitenote_active":false,"_monsterinsights_sitenote_note":"","_monsterinsights_sitenote_category":0,"footnotes":""},"categories":[6,4,5],"tags":[6213],"class_list":["post-14834","post","type-post","status-publish","format-standard","has-post-thumbnail","hentry","category-economia","category-politica","category-sociedad","tag-aumento-de-prestaciones-por-discapacidad"],"_links":{"self":[{"href":"https:\/\/www.visionweb.com.ar\/index.php?rest_route=\/wp\/v2\/posts\/14834","targetHints":{"allow":["GET"]}}],"collection":[{"href":"https:\/\/www.visionweb.com.ar\/index.php?rest_route=\/wp\/v2\/posts"}],"about":[{"href":"https:\/\/www.visionweb.com.ar\/index.php?rest_route=\/wp\/v2\/types\/post"}],"author":[{"embeddable":true,"href":"https:\/\/www.visionweb.com.ar\/index.php?rest_route=\/wp\/v2\/users\/4"}],"replies":[{"embeddable":true,"href":"https:\/\/www.visionweb.com.ar\/index.php?rest_route=%2Fwp%2Fv2%2Fcomments&post=14834"}],"version-history":[{"count":1,"href":"https:\/\/www.visionweb.com.ar\/index.php?rest_route=\/wp\/v2\/posts\/14834\/revisions"}],"predecessor-version":[{"id":14836,"href":"https:\/\/www.visionweb.com.ar\/index.php?rest_route=\/wp\/v2\/posts\/14834\/revisions\/14836"}],"wp:featuredmedia":[{"embeddable":true,"href":"https:\/\/www.visionweb.com.ar\/index.php?rest_route=\/wp\/v2\/media\/14835"}],"wp:attachment":[{"href":"https:\/\/www.visionweb.com.ar\/index.php?rest_route=%2Fwp%2Fv2%2Fmedia&parent=14834"}],"wp:term":[{"taxonomy":"category","embeddable":true,"href":"https:\/\/www.visionweb.com.ar\/index.php?rest_route=%2Fwp%2Fv2%2Fcategories&post=14834"},{"taxonomy":"post_tag","embeddable":true,"href":"https:\/\/www.visionweb.com.ar\/index.php?rest_route=%2Fwp%2Fv2%2Ftags&post=14834"}],"curies":[{"name":"wp","href":"https:\/\/api.w.org\/{rel}","templated":true}]}}