{"id":14825,"date":"2024-06-12T08:02:50","date_gmt":"2024-06-12T11:02:50","guid":{"rendered":"https:\/\/www.visionweb.com.ar\/?p=14825"},"modified":"2024-06-12T08:02:50","modified_gmt":"2024-06-12T11:02:50","slug":"el-senado-tratara-hoy-la-ley-de-bases","status":"publish","type":"post","link":"https:\/\/www.visionweb.com.ar\/?p=14825","title":{"rendered":"El Senado tratar\u00e1 hoy la Ley de Bases"},"content":{"rendered":"<p><em><strong> La sesi\u00f3n especial est\u00e1 programada para las 10 de la ma\u00f1ana con dos asuntos en el temario: la nueva ley \u00f3mnibus y la reforma fiscal de Milei.<\/strong><\/em><!--more--><\/p>\n<p><img loading=\"lazy\" decoding=\"async\" class=\"size-medium wp-image-8238 alignright\" src=\"https:\/\/www.visionweb.com.ar\/wp-content\/uploads\/2022\/11\/senado-pres-2023-300x190.jpg\" alt=\"\" width=\"300\" height=\"190\" srcset=\"https:\/\/www.visionweb.com.ar\/wp-content\/uploads\/2022\/11\/senado-pres-2023-300x190.jpg 300w, https:\/\/www.visionweb.com.ar\/wp-content\/uploads\/2022\/11\/senado-pres-2023.bmp 668w\" sizes=\"auto, (max-width: 300px) 100vw, 300px\" \/>Despu\u00e9s de varios meses del env\u00edo del Proyecto de Ley de Bases, ya con media sanci\u00f3n de Diputados, el Senado tratar\u00e1 hoy la iniciativa y\u00a0 Javier Milei podr\u00eda tener las dos primeras leyes de su presidencia.<\/p>\n<p>Es que el Senado de la Naci\u00f3n tiene previsto tratar en sesi\u00f3n especial tanto el proyecto de Ley Bases y el paquete fiscal. Jornada complicada afuera y adentro del palacio.<\/p>\n<p>La actividad ya comenz\u00f3 a palpitarse ayer cuando los legisladores amagaban con dar o no dar qu\u00f3rum. Paralelamente, la polic\u00eda dio inicio a un operativo de seguridad que termin\u00f3 vallando el Congreso. A unos metros de ah\u00ed, referentes de Uni\u00f3n por la Patria encabezaron una vigilia para expresar su rechazo a ambas iniciativas y empezar la movilizaci\u00f3n que tendr\u00e1 su climax hoy, inform\u00f3 el portal Infocielo.<\/p>\n<p>Lo concreto es que la sesi\u00f3n especial est\u00e1 programada para las 10 de la ma\u00f1ana con dos asuntos en el temario: la nueva ley \u00f3mnibus y la reforma fiscal de Milei.<\/p>\n<p>La jornada ser\u00e1 presidida por Victoria Villarruel y el primer escollo que deber\u00e1 superar es el del qu\u00f3rum. Para lograrlo y abrir el debate, la C\u00e1mara necesita que se sienten al menos 37 de los 72 senadores en sus bancas.<\/p>\n<p>En total, la c\u00e1mara alta tiene 72 esca\u00f1os de los cuales 33 (el 45 por ciento) pertenecen a Uni\u00f3n por la Patria. Esto implica que si todo el interbloque vota en contra de los proyectos, solo faltar\u00edan otros 4 rechazos para tener mayor\u00eda.<\/p>\n<p>La Libertad Avanza tiene apenas 7 bancas y el PRO otras 6. Se espera que ambos voten un\u00e1nimemente a favor. Lo mismo har\u00eda el unibloque Compromiso Tucum\u00e1n. La composici\u00f3n del Senado se completa con 25 esca\u00f1os ocupados por la llamada oposici\u00f3n dialoguista que ser\u00e1n la clave para inclinar la balanza para un lado u otro. 13 de ellos son de la UCR, 6 de Hacemos Coalici\u00f3n Federal, 3 de Innovaci\u00f3n Federal, 2 de Santa Cruz y uno de Comunidad Neuqu\u00e9n.<\/p>\n<p>Una vez conseguido el qu\u00f3rum, el Senado estar\u00e1 en condiciones de comenzar el tratamiento de ambas iniciativas. Seg\u00fan se acord\u00f3 en una reuni\u00f3n de Labor Parlamentaria, cada bloque tendr\u00e1 10 oradores m\u00e1s el discurso final para el debate en torno a la Ley Bases y 5 oradores m\u00e1s para la reforma fiscal<strong>(VW)<\/strong>.<\/p>\n<p><em><strong>Fuente: Infocielo<\/strong><\/em><\/p>\n","protected":false},"excerpt":{"rendered":"<p>La sesi\u00f3n especial est\u00e1 programada para las 10 de la ma\u00f1ana con dos asuntos en el temario: la nueva ley \u00f3mnibus y la reforma fiscal de Milei.<\/p>\n","protected":false},"author":3,"featured_media":8238,"comment_status":"closed","ping_status":"closed","sticky":false,"template":"","format":"standard","meta":{"_monsterinsights_skip_tracking":false,"_monsterinsights_sitenote_active":false,"_monsterinsights_sitenote_note":"","_monsterinsights_sitenote_category":0,"footnotes":""},"categories":[4],"tags":[1123,1738,468,4367],"class_list":["post-14825","post","type-post","status-publish","format-standard","has-post-thumbnail","hentry","category-politica","tag-bases","tag-fiscal","tag-senado","tag-tratamiento"],"_links":{"self":[{"href":"https:\/\/www.visionweb.com.ar\/index.php?rest_route=\/wp\/v2\/posts\/14825","targetHints":{"allow":["GET"]}}],"collection":[{"href":"https:\/\/www.visionweb.com.ar\/index.php?rest_route=\/wp\/v2\/posts"}],"about":[{"href":"https:\/\/www.visionweb.com.ar\/index.php?rest_route=\/wp\/v2\/types\/post"}],"author":[{"embeddable":true,"href":"https:\/\/www.visionweb.com.ar\/index.php?rest_route=\/wp\/v2\/users\/3"}],"replies":[{"embeddable":true,"href":"https:\/\/www.visionweb.com.ar\/index.php?rest_route=%2Fwp%2Fv2%2Fcomments&post=14825"}],"version-history":[{"count":1,"href":"https:\/\/www.visionweb.com.ar\/index.php?rest_route=\/wp\/v2\/posts\/14825\/revisions"}],"predecessor-version":[{"id":14826,"href":"https:\/\/www.visionweb.com.ar\/index.php?rest_route=\/wp\/v2\/posts\/14825\/revisions\/14826"}],"wp:featuredmedia":[{"embeddable":true,"href":"https:\/\/www.visionweb.com.ar\/index.php?rest_route=\/wp\/v2\/media\/8238"}],"wp:attachment":[{"href":"https:\/\/www.visionweb.com.ar\/index.php?rest_route=%2Fwp%2Fv2%2Fmedia&parent=14825"}],"wp:term":[{"taxonomy":"category","embeddable":true,"href":"https:\/\/www.visionweb.com.ar\/index.php?rest_route=%2Fwp%2Fv2%2Fcategories&post=14825"},{"taxonomy":"post_tag","embeddable":true,"href":"https:\/\/www.visionweb.com.ar\/index.php?rest_route=%2Fwp%2Fv2%2Ftags&post=14825"}],"curies":[{"name":"wp","href":"https:\/\/api.w.org\/{rel}","templated":true}]}}