{"id":14822,"date":"2024-06-11T07:41:09","date_gmt":"2024-06-11T10:41:09","guid":{"rendered":"https:\/\/www.visionweb.com.ar\/?p=14822"},"modified":"2024-06-12T07:41:15","modified_gmt":"2024-06-12T10:41:15","slug":"tarifa-de-gas-la-provincia-preve-hasta-un-600-de-subas-por-la-quita-de-subsidios-de-nacion","status":"publish","type":"post","link":"https:\/\/www.visionweb.com.ar\/?p=14822","title":{"rendered":"Tarifa de gas: La Provincia prev\u00e9 hasta un 600% de subas por la quita de subsidios de Naci\u00f3n"},"content":{"rendered":"<p><strong><em>El impacto en las boletas obedece al anuncio que la semana pasada hizo la secretar\u00eda de Energ\u00eda de Naci\u00f3n sobre la quita de subsidios.<\/em><\/strong><!--more--><\/p>\n<p><strong>\u00a0 <img loading=\"lazy\" decoding=\"async\" class=\"size-medium wp-image-7530 alignright\" src=\"https:\/\/www.visionweb.com.ar\/wp-content\/uploads\/2022\/10\/luz-y-gas-subsidios-300x171.jpg\" alt=\"\" width=\"300\" height=\"171\" srcset=\"https:\/\/www.visionweb.com.ar\/wp-content\/uploads\/2022\/10\/luz-y-gas-subsidios-300x171.jpg 300w, https:\/\/www.visionweb.com.ar\/wp-content\/uploads\/2022\/10\/luz-y-gas-subsidios.bmp 601w\" sizes=\"auto, (max-width: 300px) 100vw, 300px\" \/>\u00a0 E<\/strong>l Gobierno bonaerense anunci\u00f3 que la reducci\u00f3n de subsidios sobre el consumo en las tarifas de los servicios de energ\u00eda el\u00e9ctrica y gas, que fue difundido la semana pasada por la administraci\u00f3n de Javier Milei, tendr\u00e1 un <strong>impacto de hasta el 600% en las facturas<\/strong>.<\/p>\n<p>El subsecretario de Energ\u00eda, Gast\u00f3n Ghioni, inform\u00f3 ayer que en las pr\u00f3ximas boletas de electricidad habr\u00e1 incrementos de entre el 14%, para los clientes con mayores ingresos, y del 80% para los de menores recursos, mientras que las facturas de quienes est\u00e1n encuadrados en el segmento N3, que son quienes tienen ingresos medios, tendr\u00e1n una suba del orden del 69%.<\/p>\n<p>Pero el impacto mayor, entrando en el invierno, ser\u00e1 en las facturas del gas. En conferenciad de prensa, Ghioni sostuvo que los usuarios dentro del grupo N1 (los de mayores ingresos) tendr\u00e1n un incremento del 299%, a los del N3 (de ingresos medios) la suba ser\u00e1 del 367%, mientras que quienes est\u00e9n en el grupo de menores ingresos (N3), el incremento llegar\u00e1 al 604%.<\/p>\n<p>\u201cEl nuevo aumento de tarifas el\u00e9ctricas que aplica el Gobierno nacional tiene la particularidad de ir en sentido regresivo: <strong>apunta a la quita de subsidios de los sectores de ingresos medios y bajos<\/strong>\u201d, explic\u00f3 el funcionario bonaerense.<\/p>\n<p>Adem\u00e1s, se\u00f1al\u00f3 que \u201cel Gobierno nacional estableci\u00f3 que las <strong>familias beneficiarias de la tarifa social tienen 60 d\u00edas para inscribirse y solicitar continuar en este segmento<\/strong>\u201d.<\/p>\n<p>En ese sentido, agreg\u00f3: \u201cDesde la provincia de Buenos Aires ya estamos trabajando con intendentes, compa\u00f1\u00edas y distribuidoras en una campa\u00f1a para informar a los usuarios bonaerenses de esta nueva disposici\u00f3n, con el objetivo de que puedan preservar su tarifa social\u201d. <strong>(VW)<\/strong><\/p>\n","protected":false},"excerpt":{"rendered":"<p>El impacto en las boletas obedece al anuncio que la semana pasada hizo la secretar\u00eda de Energ\u00eda de Naci\u00f3n sobre la quita de subsidios.<\/p>\n","protected":false},"author":4,"featured_media":7530,"comment_status":"closed","ping_status":"closed","sticky":false,"template":"","format":"standard","meta":{"_monsterinsights_skip_tracking":false,"_monsterinsights_sitenote_active":false,"_monsterinsights_sitenote_note":"","_monsterinsights_sitenote_category":0,"footnotes":""},"categories":[6,4,5],"tags":[2376,3093,2725],"class_list":["post-14822","post","type-post","status-publish","format-standard","has-post-thumbnail","hentry","category-economia","category-politica","category-sociedad","tag-luz","tag-quita-de-subsidios","tag-tarifas-de-gas"],"_links":{"self":[{"href":"https:\/\/www.visionweb.com.ar\/index.php?rest_route=\/wp\/v2\/posts\/14822","targetHints":{"allow":["GET"]}}],"collection":[{"href":"https:\/\/www.visionweb.com.ar\/index.php?rest_route=\/wp\/v2\/posts"}],"about":[{"href":"https:\/\/www.visionweb.com.ar\/index.php?rest_route=\/wp\/v2\/types\/post"}],"author":[{"embeddable":true,"href":"https:\/\/www.visionweb.com.ar\/index.php?rest_route=\/wp\/v2\/users\/4"}],"replies":[{"embeddable":true,"href":"https:\/\/www.visionweb.com.ar\/index.php?rest_route=%2Fwp%2Fv2%2Fcomments&post=14822"}],"version-history":[{"count":2,"href":"https:\/\/www.visionweb.com.ar\/index.php?rest_route=\/wp\/v2\/posts\/14822\/revisions"}],"predecessor-version":[{"id":14824,"href":"https:\/\/www.visionweb.com.ar\/index.php?rest_route=\/wp\/v2\/posts\/14822\/revisions\/14824"}],"wp:featuredmedia":[{"embeddable":true,"href":"https:\/\/www.visionweb.com.ar\/index.php?rest_route=\/wp\/v2\/media\/7530"}],"wp:attachment":[{"href":"https:\/\/www.visionweb.com.ar\/index.php?rest_route=%2Fwp%2Fv2%2Fmedia&parent=14822"}],"wp:term":[{"taxonomy":"category","embeddable":true,"href":"https:\/\/www.visionweb.com.ar\/index.php?rest_route=%2Fwp%2Fv2%2Fcategories&post=14822"},{"taxonomy":"post_tag","embeddable":true,"href":"https:\/\/www.visionweb.com.ar\/index.php?rest_route=%2Fwp%2Fv2%2Ftags&post=14822"}],"curies":[{"name":"wp","href":"https:\/\/api.w.org\/{rel}","templated":true}]}}