{"id":14820,"date":"2024-06-11T07:33:12","date_gmt":"2024-06-11T10:33:12","guid":{"rendered":"https:\/\/www.visionweb.com.ar\/?p=14820"},"modified":"2024-06-10T21:35:52","modified_gmt":"2024-06-11T00:35:52","slug":"la-provincia-suspende-los-viajes-de-egresados-gratis","status":"publish","type":"post","link":"https:\/\/www.visionweb.com.ar\/?p=14820","title":{"rendered":"La Provincia suspende los viajes de egresados gratis"},"content":{"rendered":"<p><em>E<strong>s por los recortes de Naci\u00f3n. El ajuste tambi\u00e9n implicar\u00e1 la suspensi\u00f3n de otros programas como el Conectar Igualdad Bonaerense.<\/strong><\/em><!--more--><\/p>\n<p><strong> <img loading=\"lazy\" decoding=\"async\" class=\"size-full wp-image-6196 alignright\" src=\"https:\/\/www.visionweb.com.ar\/wp-content\/uploads\/2022\/06\/tandel-viajes.bmp\" alt=\"\" width=\"500\" height=\"418\" \/>\u00a0\u00a0 E<\/strong>l Gobierno de la Provincia anunci\u00f3 que este a\u00f1o no se realizar\u00e1n los viajes de fin de curso gratis para estudiantes secundarios, en el marco del fuerte recorte de fondos por parte de la gesti\u00f3n de Javier Milei.<\/p>\n<p>\u201cEste a\u00f1o no lo vamos a poder llevar adelante\u201d, se\u00f1al\u00f3 ayer lunes el ministro de Gobierno provincial, <strong>Carlos Bianco<\/strong>, al ser consultado sobre los viajes de fin de curso en el marco de una conferencia de prensa llevada adelante en la Gobernaci\u00f3n bonaerense.<\/p>\n<p>El funcionario de Axel Kicillof record\u00f3 que Naci\u00f3n mantiene deudas directas por $ 1.27 billones con la Provincia. \u201cCuando te recortan una cantidad semejante, hay que acomodar la estructura de costos, de gastos corrientes, de inversiones\u201d, indic\u00f3.<\/p>\n<p>Bianco record\u00f3 que los viajes de fin de curso se realizaban hace tres a\u00f1os y hab\u00eda un gran incremento en cantidad: \u201cEstablecimos ese programa no solamente para homogenizar la posibilidad de que todos los pibes y las pibas puedan conocer los destinos pol\u00edticos de la provincia de Buenos Aires, adem\u00e1s era una pol\u00edtica de fomento productivo\u201d.<\/p>\n<p>El programa Viaje de Fin de Curso comenz\u00f3 en la pandemia. El mismo les daba la posibilidad a los estudiantes de secundarias bonaerenses de realizar viajes de manera gratuita a distintos destinos tur\u00edsticos de la provincia. Las visitas se realizaban en temporada baja, por lo que eran tambi\u00e9n un impulso para el sector tur\u00edstico.<\/p>\n<p>El funcionario provincial advirti\u00f3 que la discontinuidad tambi\u00e9n se dar\u00e1 en otros programas, como el <strong>Conectar Igualdad Bonaerense<\/strong> por el que el a\u00f1o pasado se entregaron 168 mil computadoras. \u201cEl a\u00f1o pasado entregamos 168 mil computadoras. Este a\u00f1o no tenemos ingresos porque no los recort\u00f3 el Gobierno nacional\u201d, indic\u00f3. A la vez detall\u00f3 que hay \u201cun remanente para entregar\u201d a escuelas rurales y de Educaci\u00f3n Especial. <strong>(VW)<\/strong><\/p>\n<p>&nbsp;<\/p>\n","protected":false},"excerpt":{"rendered":"<p>Es por los recortes de Naci\u00f3n. El ajuste tambi\u00e9n implicar\u00e1 la suspensi\u00f3n de otros programas como el Conectar Igualdad Bonaerense.<\/p>\n","protected":false},"author":4,"featured_media":6196,"comment_status":"closed","ping_status":"closed","sticky":false,"template":"","format":"standard","meta":{"_monsterinsights_skip_tracking":false,"_monsterinsights_sitenote_active":false,"_monsterinsights_sitenote_note":"","_monsterinsights_sitenote_category":0,"footnotes":""},"categories":[4,5],"tags":[540,6210,356,1286],"class_list":["post-14820","post","type-post","status-publish","format-standard","has-post-thumbnail","hentry","category-politica","category-sociedad","tag-bianco","tag-gratis","tag-provincia","tag-viajes-de-egresados"],"_links":{"self":[{"href":"https:\/\/www.visionweb.com.ar\/index.php?rest_route=\/wp\/v2\/posts\/14820","targetHints":{"allow":["GET"]}}],"collection":[{"href":"https:\/\/www.visionweb.com.ar\/index.php?rest_route=\/wp\/v2\/posts"}],"about":[{"href":"https:\/\/www.visionweb.com.ar\/index.php?rest_route=\/wp\/v2\/types\/post"}],"author":[{"embeddable":true,"href":"https:\/\/www.visionweb.com.ar\/index.php?rest_route=\/wp\/v2\/users\/4"}],"replies":[{"embeddable":true,"href":"https:\/\/www.visionweb.com.ar\/index.php?rest_route=%2Fwp%2Fv2%2Fcomments&post=14820"}],"version-history":[{"count":1,"href":"https:\/\/www.visionweb.com.ar\/index.php?rest_route=\/wp\/v2\/posts\/14820\/revisions"}],"predecessor-version":[{"id":14821,"href":"https:\/\/www.visionweb.com.ar\/index.php?rest_route=\/wp\/v2\/posts\/14820\/revisions\/14821"}],"wp:featuredmedia":[{"embeddable":true,"href":"https:\/\/www.visionweb.com.ar\/index.php?rest_route=\/wp\/v2\/media\/6196"}],"wp:attachment":[{"href":"https:\/\/www.visionweb.com.ar\/index.php?rest_route=%2Fwp%2Fv2%2Fmedia&parent=14820"}],"wp:term":[{"taxonomy":"category","embeddable":true,"href":"https:\/\/www.visionweb.com.ar\/index.php?rest_route=%2Fwp%2Fv2%2Fcategories&post=14820"},{"taxonomy":"post_tag","embeddable":true,"href":"https:\/\/www.visionweb.com.ar\/index.php?rest_route=%2Fwp%2Fv2%2Ftags&post=14820"}],"curies":[{"name":"wp","href":"https:\/\/api.w.org\/{rel}","templated":true}]}}