{"id":14803,"date":"2024-06-07T18:20:54","date_gmt":"2024-06-07T21:20:54","guid":{"rendered":"https:\/\/www.visionweb.com.ar\/?p=14803"},"modified":"2024-06-07T18:20:54","modified_gmt":"2024-06-07T21:20:54","slug":"en-lanus-comienza-el-junio-verde-con-puntos-de-reciclado-movil","status":"publish","type":"post","link":"https:\/\/www.visionweb.com.ar\/?p=14803","title":{"rendered":"En Lan\u00fas comienza el \u201cJunio verde\u201d con puntos de reciclado m\u00f3vil"},"content":{"rendered":"<p><em><strong>\u00a0Todos los s\u00e1bados de junio habr\u00e1 puntos de reciclaje.<\/strong><\/em><!--more--><\/p>\n<p><strong><img loading=\"lazy\" decoding=\"async\" class=\"size-medium wp-image-14804 alignright\" src=\"https:\/\/www.visionweb.com.ar\/wp-content\/uploads\/2024\/06\/2024-Dia-mundial-del-MEDIOAMBIENTE_post-2-300x300.jpg\" alt=\"\" width=\"300\" height=\"300\" srcset=\"https:\/\/www.visionweb.com.ar\/wp-content\/uploads\/2024\/06\/2024-Dia-mundial-del-MEDIOAMBIENTE_post-2-300x300.jpg 300w, https:\/\/www.visionweb.com.ar\/wp-content\/uploads\/2024\/06\/2024-Dia-mundial-del-MEDIOAMBIENTE_post-2-150x150.jpg 150w, https:\/\/www.visionweb.com.ar\/wp-content\/uploads\/2024\/06\/2024-Dia-mundial-del-MEDIOAMBIENTE_post-2-80x80.jpg 80w, https:\/\/www.visionweb.com.ar\/wp-content\/uploads\/2024\/06\/2024-Dia-mundial-del-MEDIOAMBIENTE_post-2-320x320.jpg 320w, https:\/\/www.visionweb.com.ar\/wp-content\/uploads\/2024\/06\/2024-Dia-mundial-del-MEDIOAMBIENTE_post-2-65x65.jpg 65w, https:\/\/www.visionweb.com.ar\/wp-content\/uploads\/2024\/06\/2024-Dia-mundial-del-MEDIOAMBIENTE_post-2.jpg 406w\" sizes=\"auto, (max-width: 300px) 100vw, 300px\" \/>\u00a0\u00a0 Lan\u00fas Gobierno <\/strong>inform\u00f3 que se encuentran disponibles los diferentes puntos de reciclaje m\u00f3vil, que funcionar\u00e1n cada s\u00e1bado del mes, con el objetivo de seguir construyendo un futuro sustentable.<\/p>\n<p>Bajo el <strong>lema #JunioVerde<\/strong>, Lan\u00fas Gobierno pone estos puntos de reciclado a disposici\u00f3n\u00a0de los vecinos y vecinas de la ciudad, inform\u00f3 Prensa Lan\u00fas.<\/p>\n<p>Con la finalidad de generar conciencia sobre este tema tan importante que abarca a las personas, desde el municipio se renueva el compromiso con la preservaci\u00f3n de los espacios verdes y la promoci\u00f3n de pr\u00e1cticas sostenibles.<\/p>\n<p>Los distintos puntos son los siguientes:<\/p>\n<ul>\n<li>Plaza Mariano Moreno: de 10 a 14 horas. Av. Hip\u00f3lito Yrigoyen 6200, Remedios de Escalada.<\/li>\n<li>Plaza San Mart\u00edn: de 14 a 18 horas. Santiago Paul 1953, Lan\u00fas Oeste.<\/li>\n<li>NIDO Chingolo: de 10 a 14 horas. Pit\u00e1goras 4500, Monte Chingolo. <strong>(VW)<\/strong><\/li>\n<\/ul>\n","protected":false},"excerpt":{"rendered":"<p>\u00a0Todos los s\u00e1bados de junio habr\u00e1 puntos de reciclaje.<\/p>\n","protected":false},"author":4,"featured_media":14804,"comment_status":"closed","ping_status":"closed","sticky":false,"template":"","format":"standard","meta":{"_monsterinsights_skip_tracking":false,"_monsterinsights_sitenote_active":false,"_monsterinsights_sitenote_note":"","_monsterinsights_sitenote_category":0,"footnotes":""},"categories":[8],"tags":[6206,6109,6205],"class_list":["post-14803","post","type-post","status-publish","format-standard","has-post-thumbnail","hentry","category-interes-general","tag-junio-verde","tag-lanus-gobierno","tag-puntos-de-reciclaje"],"_links":{"self":[{"href":"https:\/\/www.visionweb.com.ar\/index.php?rest_route=\/wp\/v2\/posts\/14803","targetHints":{"allow":["GET"]}}],"collection":[{"href":"https:\/\/www.visionweb.com.ar\/index.php?rest_route=\/wp\/v2\/posts"}],"about":[{"href":"https:\/\/www.visionweb.com.ar\/index.php?rest_route=\/wp\/v2\/types\/post"}],"author":[{"embeddable":true,"href":"https:\/\/www.visionweb.com.ar\/index.php?rest_route=\/wp\/v2\/users\/4"}],"replies":[{"embeddable":true,"href":"https:\/\/www.visionweb.com.ar\/index.php?rest_route=%2Fwp%2Fv2%2Fcomments&post=14803"}],"version-history":[{"count":1,"href":"https:\/\/www.visionweb.com.ar\/index.php?rest_route=\/wp\/v2\/posts\/14803\/revisions"}],"predecessor-version":[{"id":14805,"href":"https:\/\/www.visionweb.com.ar\/index.php?rest_route=\/wp\/v2\/posts\/14803\/revisions\/14805"}],"wp:featuredmedia":[{"embeddable":true,"href":"https:\/\/www.visionweb.com.ar\/index.php?rest_route=\/wp\/v2\/media\/14804"}],"wp:attachment":[{"href":"https:\/\/www.visionweb.com.ar\/index.php?rest_route=%2Fwp%2Fv2%2Fmedia&parent=14803"}],"wp:term":[{"taxonomy":"category","embeddable":true,"href":"https:\/\/www.visionweb.com.ar\/index.php?rest_route=%2Fwp%2Fv2%2Fcategories&post=14803"},{"taxonomy":"post_tag","embeddable":true,"href":"https:\/\/www.visionweb.com.ar\/index.php?rest_route=%2Fwp%2Fv2%2Ftags&post=14803"}],"curies":[{"name":"wp","href":"https:\/\/api.w.org\/{rel}","templated":true}]}}