{"id":14795,"date":"2024-06-06T11:36:14","date_gmt":"2024-06-06T14:36:14","guid":{"rendered":"https:\/\/www.visionweb.com.ar\/?p=14795"},"modified":"2024-06-06T11:36:14","modified_gmt":"2024-06-06T14:36:14","slug":"el-gobierno-amplio-partidas-presupuestarias-para-el-sector-publico","status":"publish","type":"post","link":"https:\/\/www.visionweb.com.ar\/?p=14795","title":{"rendered":"El Gobierno ampli\u00f3 partidas presupuestarias para el sector p\u00fablico"},"content":{"rendered":"<p>&nbsp;<\/p>\n<p><em><strong>La ampliaci\u00f3n del presupuesto es para pagar aguinaldos, salarios, Tarjeta Alimentar y otros sectores. No contempla jubilaciones nacionales.<\/strong><\/em><!--more--><\/p>\n<p><strong>\u00a0 <img loading=\"lazy\" decoding=\"async\" class=\"size-full wp-image-10282 alignright\" src=\"https:\/\/www.visionweb.com.ar\/wp-content\/uploads\/2023\/04\/tarjeta-alimentar.png\" alt=\"\" width=\"270\" height=\"152\" \/> E<\/strong>l Gobierno nacional ampli\u00f3 las partidas presupuestarias para cubrir gastos destinados a\u00a0<strong>sueldos y aguinaldos<\/strong>\u00a0en el sector p\u00fablico, como tambi\u00e9n para afrontar el pago de obras de reversi\u00f3n del\u00a0<strong>Gasoducto del Norte\u00a0<\/strong>y ampliar la\u00a0<strong>Tarjeta Alimentar<\/strong>, entre otros puntos.<\/p>\n<p>De acuerdo a la Decisi\u00f3n Administrativa <strong>470\/2024<\/strong> publicada en el Bolet\u00edn Oficial, el Gobierno de Javier Milei dispuso la adecuaci\u00f3n del presupuesto vigente de diversas Jurisdicciones y Entidades del Sector P\u00fablico Nacional con \u201cel objeto de afrontar gastos impostergables para su normal funcionamiento\u201d.<\/p>\n<p>Seg\u00fan se\u00f1ala la normativa, uno de los motivos principales de la ampliaci\u00f3n presupuestaria es \u201cel refuerzo de los cr\u00e9ditos de gastos en personal, con el fin de atender necesidades vigentes en materia salarial, de gastos de funcionamiento y equipamiento de las Jurisdicciones y Entidades de la Administraci\u00f3n Nacional\u201d.<\/p>\n<p>Tambi\u00e9n ordena ampliar el presupuesto de la\u00a0<strong>Defensor\u00eda General de la Naci\u00f3n<\/strong>, para atender gastos espec\u00edficos, y de la<strong>\u00a0Agencia Nacional de Discapacidad<\/strong>, para\u00a0<strong>cubrir el pago del refuerzo de ingreso previsional para beneficiarios de pensiones no contributivas<\/strong><\/p>\n<p>La<strong>\u00a0Secretar\u00eda de Ni\u00f1ez, Adolescencia y Familia<\/strong>, en el eje de la pol\u00e9mica por la retenci\u00f3n de alimentos y la suscripci\u00f3n de contratos truchos que supuso la eyecci\u00f3n del exsecretario Pablo De la Torre, dispuso la<strong>\u00a0ampliaci\u00f3n de fondos para afrontar los gastos que insume la Prestaci\u00f3n Alimentar hasta el mes de julio de este a\u00f1o.<\/strong><\/p>\n<p>Esta ampliaci\u00f3n en medio de la pol\u00e9mica por el no reparto de alimentos, se da en el contexto de que la Tarjeta Alimentar ya agot\u00f3 pr\u00e1cticamente sus fondos:\u00a0<strong>se le giraron $ 745.709 millones de los $ 875.640 millones previstos originalmente, el 85% del total<\/strong>\u00a0cuando todav\u00eda no se complet\u00f3 la mitad del a\u00f1o. Hace unos meses ese presupuesto se estir\u00f3 a $ 927.018 millones, pero con el actual ritmo de transferencias tambi\u00e9n qued\u00f3 corto el n\u00famero.<\/p>\n<p>As\u00ed lo dio a conocer el sitio oficial Presupuesto Abierto, que analiz\u00f3 las transferencias de enero a mayo, per\u00edodo en el que\u00a0<strong>se destinaron $ 1.285.836.000.000, es decir, casi 1,3 billones de pesos en satisfacer las necesidades de la Tarjeta Alimentar y el ex Potenciar Trabajo<\/strong>, hoy desdoblado en \u201cAcompa\u00f1amiento Social\u201d y \u201cVolver al Trabajo\u201d.<\/p>\n<p>La Tarjeta Alimentar impacta directamente en m\u00e1s de 4 millones de personas.\u00a0<strong>El Gobierno utiliza ese plan como principal sost\u00e9n de los sectores m\u00e1s postergados. Aument\u00f3 los montos del programa en un 137,5%<\/strong>\u00a0en lo que va del a\u00f1o. Los padres con un hijo de hasta 14 a\u00f1os cobran $ 52.250 por mes y aquellas familias que tienen tres hijos reciben $108.062.<\/p>\n<p>M\u00e1s presupuesto para el a\u00f1o<\/p>\n<p>Otra \u00e1rea en la que se ampli\u00f3 el presupuesto fue\u00a0<strong>Energ\u00eda,<\/strong>\u00a0con destino el proyecto\u00a0<strong>\u201cReversi\u00f3n del Gasoducto Norte\u201d,\u00a0<\/strong>una de las demandas del sector para poder continuar con el saneamiento de la balanza energ\u00e9tica del pa\u00eds.<\/p>\n<p>En lo que respecta\u00a0<strong>al Ministerio de Salud<\/strong>, la normativa habilita el incremento de las partidas para la compra de\u00a0<strong>vacunas<\/strong>\u00a0y\u00a0<strong>medicamentos,<\/strong>\u00a0como tambi\u00e9n para sostener las\u00a0<strong>Ayudas Sociales a Personas y Asignaciones Familiares del Programa de Cobertura Sanitaria Compensatoria<\/strong>\u00a0en el \u00e1mbito de la Direcci\u00f3n de Asistencia Directa por Situaciones Especiales.<\/p>\n<p>Asimismo, se\u00f1alan que resulta necesario \u201creforzar el presupuesto destinado a la atenci\u00f3n de la prestaci\u00f3n por Desempleo\u201d, luego de lo dispuesto por el\u00a0<strong>Consejo Nacional del Empleo, la Productividad y el Salario M\u00ednimo, Vital y M\u00f3vil. <\/strong><strong>(VW)<\/strong><\/p>\n","protected":false},"excerpt":{"rendered":"<p>&nbsp; La ampliaci\u00f3n del presupuesto es para pagar aguinaldos, salarios, Tarjeta Alimentar y otros sectores. No contempla jubilaciones nacionales.<\/p>\n","protected":false},"author":4,"featured_media":10282,"comment_status":"closed","ping_status":"closed","sticky":false,"template":"","format":"standard","meta":{"_monsterinsights_skip_tracking":false,"_monsterinsights_sitenote_active":false,"_monsterinsights_sitenote_note":"","_monsterinsights_sitenote_category":0,"footnotes":""},"categories":[6,4,5],"tags":[6202,6203,2052],"class_list":["post-14795","post","type-post","status-publish","format-standard","has-post-thumbnail","hentry","category-economia","category-politica","category-sociedad","tag-gobierno-amplio-el-presupuesto","tag-salarios-estatales","tag-tarjeta-alimentar"],"_links":{"self":[{"href":"https:\/\/www.visionweb.com.ar\/index.php?rest_route=\/wp\/v2\/posts\/14795","targetHints":{"allow":["GET"]}}],"collection":[{"href":"https:\/\/www.visionweb.com.ar\/index.php?rest_route=\/wp\/v2\/posts"}],"about":[{"href":"https:\/\/www.visionweb.com.ar\/index.php?rest_route=\/wp\/v2\/types\/post"}],"author":[{"embeddable":true,"href":"https:\/\/www.visionweb.com.ar\/index.php?rest_route=\/wp\/v2\/users\/4"}],"replies":[{"embeddable":true,"href":"https:\/\/www.visionweb.com.ar\/index.php?rest_route=%2Fwp%2Fv2%2Fcomments&post=14795"}],"version-history":[{"count":1,"href":"https:\/\/www.visionweb.com.ar\/index.php?rest_route=\/wp\/v2\/posts\/14795\/revisions"}],"predecessor-version":[{"id":14796,"href":"https:\/\/www.visionweb.com.ar\/index.php?rest_route=\/wp\/v2\/posts\/14795\/revisions\/14796"}],"wp:featuredmedia":[{"embeddable":true,"href":"https:\/\/www.visionweb.com.ar\/index.php?rest_route=\/wp\/v2\/media\/10282"}],"wp:attachment":[{"href":"https:\/\/www.visionweb.com.ar\/index.php?rest_route=%2Fwp%2Fv2%2Fmedia&parent=14795"}],"wp:term":[{"taxonomy":"category","embeddable":true,"href":"https:\/\/www.visionweb.com.ar\/index.php?rest_route=%2Fwp%2Fv2%2Fcategories&post=14795"},{"taxonomy":"post_tag","embeddable":true,"href":"https:\/\/www.visionweb.com.ar\/index.php?rest_route=%2Fwp%2Fv2%2Ftags&post=14795"}],"curies":[{"name":"wp","href":"https:\/\/api.w.org\/{rel}","templated":true}]}}