{"id":14786,"date":"2024-06-06T09:06:05","date_gmt":"2024-06-06T12:06:05","guid":{"rendered":"https:\/\/www.visionweb.com.ar\/?p=14786"},"modified":"2024-06-05T20:15:34","modified_gmt":"2024-06-05T23:15:34","slug":"legislatura-bonaerense-despacho-favorable-para-crear-una-empresa-de-emergencia-en-salud","status":"publish","type":"post","link":"https:\/\/www.visionweb.com.ar\/?p=14786","title":{"rendered":"Legislatura bonaerense: Despacho favorable para crear una empresa de emergencia en salud"},"content":{"rendered":"<p><em><strong>La iniciativa presentada por el Poder Ejecutivo complet\u00f3 su camino de an\u00e1lisis en comisiones y finalmente ser\u00e1 incorporado al orden del d\u00eda de sesiones para ser abordado en el recinto.\u00a0<\/strong><\/em><!--more--><\/p>\n<p><img loading=\"lazy\" decoding=\"async\" class=\"size-medium wp-image-14787 alignright\" src=\"https:\/\/www.visionweb.com.ar\/wp-content\/uploads\/2024\/06\/DIPUTADOS-300x200.png\" alt=\"\" width=\"300\" height=\"200\" srcset=\"https:\/\/www.visionweb.com.ar\/wp-content\/uploads\/2024\/06\/DIPUTADOS-300x200.png 300w, https:\/\/www.visionweb.com.ar\/wp-content\/uploads\/2024\/06\/DIPUTADOS.png 640w\" sizes=\"auto, (max-width: 300px) 100vw, 300px\" \/>La comisi\u00f3n de Presupuesto e Impuestos, a cargo del diputado Juan de Jes\u00fas, aprob\u00f3 por mayor\u00eda el proyecto de ley presentado por el Ejecutivo de la Provincia, con el objetivo de constituir una empresa bonaerense de emergencias en salud.<\/p>\n<p>La propuesta est\u00e1 destinada a fortalecer el funcionamiento del Sistema de Emergencias en Salud de la provincia de Buenos Aires y consiste en la creaci\u00f3n de una sociedad an\u00f3nima con participaci\u00f3n mayoritaria del Estado.<\/p>\n<p>El expediente aclara que la conformaci\u00f3n de la empresa mencionada contribuir\u00e1 a fortalecer la planificaci\u00f3n centralizada de pol\u00edticas sanitarias, la asignaci\u00f3n de recursos de manera eficiente y equitativa entre necesidades y disponibilidad de recursos de cada municipio; tambi\u00e9n el recupero financiero del sistema.<\/p>\n<p><strong>Discapacidad<\/strong><\/p>\n<p>Por su parte, la Comisi\u00f3n de Asuntos de las Personas con Discapacidad, presidida por la diputada Anah\u00ed Bilbao, aval\u00f3 la unificaci\u00f3n de tres proyectos de ley para establecer la obligatoriedad de instalar una placa indentificatoria en sistema braille en el ingreso a todos los edificios p\u00fablicos del Gobierno Provincial.<\/p>\n<p>Tambi\u00e9n aprob\u00f3 el uso y colocaci\u00f3n de pictogramas en los espacios p\u00fablicos y edificios dependientes del estado provincial, con el objeto de facilitar la accesibilidad de personas con discapacidad y la implementaci\u00f3n de pictogramas para personas con trastornos del espectro autista y desaf\u00edos en la comunicaci\u00f3n y el lenguaje verbal y\/o escrito.<\/p>\n<p>Asimismo, se avanz\u00f3 en la iniciativa del senador Marcelo Daletto que tambi\u00e9n solicita que todos los edificios p\u00fablicos y privados coloque carteles informativos en sistema braille, con el objetivo de brindar m\u00e1s respuestas a personas con capacidades diferentes<strong>(VW)<\/strong>.<\/p>\n<p>&nbsp;<\/p>\n<p>&nbsp;<\/p>\n","protected":false},"excerpt":{"rendered":"<p>La iniciativa presentada por el Poder Ejecutivo complet\u00f3 su camino de an\u00e1lisis en comisiones y finalmente ser\u00e1 incorporado al orden del d\u00eda de sesiones para ser abordado en el recinto.\u00a0<\/p>\n","protected":false},"author":3,"featured_media":14787,"comment_status":"closed","ping_status":"closed","sticky":false,"template":"","format":"standard","meta":{"_monsterinsights_skip_tracking":false,"_monsterinsights_sitenote_active":false,"_monsterinsights_sitenote_note":"","_monsterinsights_sitenote_category":0,"footnotes":""},"categories":[4],"tags":[6201,6200],"class_list":["post-14786","post","type-post","status-publish","format-standard","has-post-thumbnail","hentry","category-politica","tag-empresa-emergencia","tag-sanud"],"_links":{"self":[{"href":"https:\/\/www.visionweb.com.ar\/index.php?rest_route=\/wp\/v2\/posts\/14786","targetHints":{"allow":["GET"]}}],"collection":[{"href":"https:\/\/www.visionweb.com.ar\/index.php?rest_route=\/wp\/v2\/posts"}],"about":[{"href":"https:\/\/www.visionweb.com.ar\/index.php?rest_route=\/wp\/v2\/types\/post"}],"author":[{"embeddable":true,"href":"https:\/\/www.visionweb.com.ar\/index.php?rest_route=\/wp\/v2\/users\/3"}],"replies":[{"embeddable":true,"href":"https:\/\/www.visionweb.com.ar\/index.php?rest_route=%2Fwp%2Fv2%2Fcomments&post=14786"}],"version-history":[{"count":1,"href":"https:\/\/www.visionweb.com.ar\/index.php?rest_route=\/wp\/v2\/posts\/14786\/revisions"}],"predecessor-version":[{"id":14788,"href":"https:\/\/www.visionweb.com.ar\/index.php?rest_route=\/wp\/v2\/posts\/14786\/revisions\/14788"}],"wp:featuredmedia":[{"embeddable":true,"href":"https:\/\/www.visionweb.com.ar\/index.php?rest_route=\/wp\/v2\/media\/14787"}],"wp:attachment":[{"href":"https:\/\/www.visionweb.com.ar\/index.php?rest_route=%2Fwp%2Fv2%2Fmedia&parent=14786"}],"wp:term":[{"taxonomy":"category","embeddable":true,"href":"https:\/\/www.visionweb.com.ar\/index.php?rest_route=%2Fwp%2Fv2%2Fcategories&post=14786"},{"taxonomy":"post_tag","embeddable":true,"href":"https:\/\/www.visionweb.com.ar\/index.php?rest_route=%2Fwp%2Fv2%2Ftags&post=14786"}],"curies":[{"name":"wp","href":"https:\/\/api.w.org\/{rel}","templated":true}]}}