{"id":14781,"date":"2024-06-05T15:11:51","date_gmt":"2024-06-05T18:11:51","guid":{"rendered":"https:\/\/www.visionweb.com.ar\/?p=14781"},"modified":"2024-06-05T15:11:51","modified_gmt":"2024-06-05T18:11:51","slug":"dia-mundial-del-medio-ambiente-2024","status":"publish","type":"post","link":"https:\/\/www.visionweb.com.ar\/?p=14781","title":{"rendered":"D\u00eda Mundial del Medio Ambiente 2024"},"content":{"rendered":"<p>E<em><strong>ste 5 de junio se conmemora con el fin de tomar conciencia sobre la importancia de los recursos naturales y su preservaci\u00f3n. Uno de los principales objetivos de la ONU es generar conciencia y visibilidad a la problem\u00e1tica de la contaminaci\u00f3n.<\/strong><\/em><!--more--><\/p>\n<p><strong> <img loading=\"lazy\" decoding=\"async\" class=\"size-full wp-image-7415 alignright\" src=\"https:\/\/www.visionweb.com.ar\/wp-content\/uploads\/2022\/09\/dia-medio-ambiente-ciudad.gob_.ar_.bmp\" alt=\"\" width=\"697\" height=\"328\" \/>\u00a0\u00a0 E<\/strong>l\u00a0<strong>5 de junio<\/strong>\u00a0se celebra el\u00a0<strong>D\u00eda Mundial del Medio ambiente,<\/strong> una jornada impulsada por la\u00a0<strong>Organizaci\u00f3n de las Naciones Unidas (ONU)<\/strong>\u00a0con la idea de generar conciencia y sensibilidad acerca del cuidado de la naturaleza, y tambi\u00e9n para visibilizar el da\u00f1o que le hacemos al mundo con nuestras acciones.<\/p>\n<p>Otros objetivos m\u00e1s puntuales, son\u00a0<strong>intensificar la acci\u00f3n pol\u00edtica,\u00a0<\/strong>tanto para la resoluci\u00f3n de problemas de car\u00e1cter ambiental, como para contextualizar el impacto que tienen las acciones de la gente, individualmente y como sociedad.<\/p>\n<p>No podemos retroceder en el tiempo, pero s\u00ed podemos hacer crecer los bosques, revitalizar las fuentes de agua y restaurar los suelos. Somos la generaci\u00f3n que puede hacer la paz con las tierras.<strong> \u00abSomos la Generaci\u00f3n Restauraci\u00f3n\u00bb<\/strong>, indica la ONU.<\/p>\n<p><strong>Lema del a\u00f1o y pa\u00eds anfitri\u00f3n:<\/strong><\/p>\n<p>La jornada, este a\u00f1o se celebrar\u00e1 en <strong>Arabia Saudita y el lema elegido es \u00abNuestras tierras. Nuestro futuro\u00bb<\/strong>.<\/p>\n<p>El\u00a0<strong>D\u00eda Mundial del Medio Ambiente\u00a0<\/strong>fue establecido el 15 de diciembre de 1972 por la Agencia General de las Naciones Unidas, que es el organismo principal de la\u00a0<strong>ONU.\u00a0<\/strong>Y la fecha del 5 de junio fue elegida porque aquel d\u00eda comenz\u00f3 la emblem\u00e1tica\u00a0<strong>Conferencia de Estocolmo,\u00a0<\/strong>que fue la reuni\u00f3n donde por primera vez en la historia se debati\u00f3 sobre el cuidado al planeta y el desarrollo sustentable.<\/p>\n<p>Desde 1973 hasta la actualidad, cada\u00a0<strong>5 de junio<\/strong>\u00a0se realiza una conferencia por el\u00a0<strong>D\u00eda Mundial del Medio Ambiente<\/strong>\u00a0en un pa\u00eds distinto y con un lema nuevo. <strong>(VW)<\/strong><\/p>\n","protected":false},"excerpt":{"rendered":"<p>Este 5 de junio se conmemora con el fin de tomar conciencia sobre la importancia de los recursos naturales y su preservaci\u00f3n. Uno de los principales objetivos de la ONU es generar conciencia y&#46;&#46;&#46;<\/p>\n","protected":false},"author":4,"featured_media":7415,"comment_status":"closed","ping_status":"closed","sticky":false,"template":"","format":"standard","meta":{"_monsterinsights_skip_tracking":false,"_monsterinsights_sitenote_active":false,"_monsterinsights_sitenote_note":"","_monsterinsights_sitenote_category":0,"footnotes":""},"categories":[8],"tags":[6198],"class_list":["post-14781","post","type-post","status-publish","format-standard","has-post-thumbnail","hentry","category-interes-general","tag-dia-mundial-del-medioambiente"],"_links":{"self":[{"href":"https:\/\/www.visionweb.com.ar\/index.php?rest_route=\/wp\/v2\/posts\/14781","targetHints":{"allow":["GET"]}}],"collection":[{"href":"https:\/\/www.visionweb.com.ar\/index.php?rest_route=\/wp\/v2\/posts"}],"about":[{"href":"https:\/\/www.visionweb.com.ar\/index.php?rest_route=\/wp\/v2\/types\/post"}],"author":[{"embeddable":true,"href":"https:\/\/www.visionweb.com.ar\/index.php?rest_route=\/wp\/v2\/users\/4"}],"replies":[{"embeddable":true,"href":"https:\/\/www.visionweb.com.ar\/index.php?rest_route=%2Fwp%2Fv2%2Fcomments&post=14781"}],"version-history":[{"count":1,"href":"https:\/\/www.visionweb.com.ar\/index.php?rest_route=\/wp\/v2\/posts\/14781\/revisions"}],"predecessor-version":[{"id":14782,"href":"https:\/\/www.visionweb.com.ar\/index.php?rest_route=\/wp\/v2\/posts\/14781\/revisions\/14782"}],"wp:featuredmedia":[{"embeddable":true,"href":"https:\/\/www.visionweb.com.ar\/index.php?rest_route=\/wp\/v2\/media\/7415"}],"wp:attachment":[{"href":"https:\/\/www.visionweb.com.ar\/index.php?rest_route=%2Fwp%2Fv2%2Fmedia&parent=14781"}],"wp:term":[{"taxonomy":"category","embeddable":true,"href":"https:\/\/www.visionweb.com.ar\/index.php?rest_route=%2Fwp%2Fv2%2Fcategories&post=14781"},{"taxonomy":"post_tag","embeddable":true,"href":"https:\/\/www.visionweb.com.ar\/index.php?rest_route=%2Fwp%2Fv2%2Ftags&post=14781"}],"curies":[{"name":"wp","href":"https:\/\/api.w.org\/{rel}","templated":true}]}}