{"id":14774,"date":"2024-06-05T14:02:11","date_gmt":"2024-06-05T17:02:11","guid":{"rendered":"https:\/\/www.visionweb.com.ar\/?p=14774"},"modified":"2024-06-05T14:02:11","modified_gmt":"2024-06-05T17:02:11","slug":"el-gobierno-aumenta-todo-y-para-todos-menos-las-jubilaciones","status":"publish","type":"post","link":"https:\/\/www.visionweb.com.ar\/?p=14774","title":{"rendered":"El Gobierno aumenta todo y para todos, menos las jubilaciones"},"content":{"rendered":"<p><strong><em>Milei adelant\u00f3 que \u201cno va a entregar el equilibrio fiscal de ning\u00fan modo\u201d, luego que Diputados aprobara la nueva f\u00f3rmula jubilatoria.<\/em><\/strong><!--more--><\/p>\n<p><img loading=\"lazy\" decoding=\"async\" class=\"size-medium wp-image-13216 alignright\" src=\"https:\/\/www.visionweb.com.ar\/wp-content\/uploads\/2024\/01\/Milei-Javier-300x206.png\" alt=\"\" width=\"300\" height=\"206\" srcset=\"https:\/\/www.visionweb.com.ar\/wp-content\/uploads\/2024\/01\/Milei-Javier-300x206.png 300w, https:\/\/www.visionweb.com.ar\/wp-content\/uploads\/2024\/01\/Milei-Javier.png 502w\" sizes=\"auto, (max-width: 300px) 100vw, 300px\" \/>\u00a0\u00a0 <strong>E<\/strong>l propio presidente <strong>Javier Milei<\/strong>, como tambi\u00e9n sus funcionarios salieron este mi\u00e9rcoles a <strong>rechazar de plano el proyecto aprobado esta madrugada en la C\u00e1mara de Diputados<\/strong>, para <strong>modificar la f\u00f3rmula de movilidad jubilatoria<\/strong>.<\/p>\n<p>El Jefe de Gabinete, <strong>Guillermo Francos<\/strong>, fue contundente y asegur\u00f3 que no hay recursos para afrontar esta mejora en los haberes previsionales. Denunci\u00f3 irresponsabilidad de parte de \u201cde quienes esta madrugada\u00a0<strong>resolvieron incrementos de haberes jubilatorios con un costo de medio punto del PBI sin que el Estado cuente con recursos necesarios para afrontarlo<\/strong>\u201d.<\/p>\n<p>Asimismo, el vocero\u00a0<strong>Manuel Adorni<\/strong>,\u00a0cuestion\u00f3 que\u00a0<strong>\u201cel nivel de disonancia con el sentido com\u00fan es astron\u00f3mico<\/strong>\u201c<strong>.\u00a0<\/strong>\u201cLa C\u00e1mara de Diputados de la Naci\u00f3n se otorg\u00f3 un aumento en sus sueldos, le dio media sanci\u00f3n a un proyecto de ley que intenta destruir las cuentas p\u00fablicas y rechaz\u00f3 eliminar las jubilaciones de privilegio\u201d, se\u00f1al\u00f3.<\/p>\n<p><img loading=\"lazy\" decoding=\"async\" class=\"size-medium wp-image-14023 alignleft\" src=\"https:\/\/www.visionweb.com.ar\/wp-content\/uploads\/2024\/03\/jubilados-3-300x185.png\" alt=\"\" width=\"300\" height=\"185\" srcset=\"https:\/\/www.visionweb.com.ar\/wp-content\/uploads\/2024\/03\/jubilados-3-300x185.png 300w, https:\/\/www.visionweb.com.ar\/wp-content\/uploads\/2024\/03\/jubilados-3.png 487w\" sizes=\"auto, (max-width: 300px) 100vw, 300px\" \/>Otra de las que hizo eco de la alianza entre la Uni\u00f3n C\u00edvica Radical (UCR), el bloque Coalici\u00f3n Federal y Uni\u00f3n por la Patria fue la ministra de Seguridad, <strong>Patricia Bullrich<\/strong>. \u201c<strong>Juntos para quebrar al Estado y empobrecer a los jubilados y sus familias. Ni un paso atr\u00e1s. 100 a\u00f1os de progreso o la vida en decadencia.<\/strong>\u00a0\u00a1El pueblo ya eligi\u00f3!\u201d, sostuvo la funcionaria a trav\u00e9s de su red social X.<\/p>\n<p>El presidente Milei, ya lo hab\u00eda avisado:<\/p>\n<p>\u201cLes dejo este tweet para que le quede claro a todo el mundo: no voy a entregar el equilibrio fiscal de ning\u00fan modo.\u00a0<strong>Defender\u00e9 la caja a veto puro si es necesario\u00bb.<\/strong><\/p>\n<p>Milei cuestion\u00f3 a la oposici\u00f3n, que aport\u00f3 los votos para darle media sanci\u00f3n a la iniciativa y girarla al Senado, al recordar que \u201ca puro d\u00e9ficit fiscal empobrecieron al pa\u00eds\u201d.<\/p>\n<p>Este mismo mi\u00e9rcoles, en tanto, envi\u00f3 un mensaje<strong> en clave electoral<\/strong>, ya pensando en la importancia de ampliar el bloque de La Libertad Avanza en el Congreso. En las\u00a0pr\u00f3ximas elecciones, que tendr\u00e1n lugar en 2025, Argentina elige a 24 senadores y 127 diputados.\u00a0<strong>(VW)<\/strong><\/p>\n<p>&nbsp;<\/p>\n","protected":false},"excerpt":{"rendered":"<p>Milei adelant\u00f3 que \u201cno va a entregar el equilibrio fiscal de ning\u00fan modo\u201d, luego que Diputados aprobara la nueva f\u00f3rmula jubilatoria.<\/p>\n","protected":false},"author":4,"featured_media":14023,"comment_status":"closed","ping_status":"closed","sticky":false,"template":"","format":"standard","meta":{"_monsterinsights_skip_tracking":false,"_monsterinsights_sitenote_active":false,"_monsterinsights_sitenote_note":"","_monsterinsights_sitenote_category":0,"footnotes":""},"categories":[6,4,5],"tags":[6194,4530,6173],"class_list":["post-14774","post","type-post","status-publish","format-standard","has-post-thumbnail","hentry","category-economia","category-politica","category-sociedad","tag-anticipo-veto","tag-milei","tag-movilidad-jubilatoria"],"_links":{"self":[{"href":"https:\/\/www.visionweb.com.ar\/index.php?rest_route=\/wp\/v2\/posts\/14774","targetHints":{"allow":["GET"]}}],"collection":[{"href":"https:\/\/www.visionweb.com.ar\/index.php?rest_route=\/wp\/v2\/posts"}],"about":[{"href":"https:\/\/www.visionweb.com.ar\/index.php?rest_route=\/wp\/v2\/types\/post"}],"author":[{"embeddable":true,"href":"https:\/\/www.visionweb.com.ar\/index.php?rest_route=\/wp\/v2\/users\/4"}],"replies":[{"embeddable":true,"href":"https:\/\/www.visionweb.com.ar\/index.php?rest_route=%2Fwp%2Fv2%2Fcomments&post=14774"}],"version-history":[{"count":1,"href":"https:\/\/www.visionweb.com.ar\/index.php?rest_route=\/wp\/v2\/posts\/14774\/revisions"}],"predecessor-version":[{"id":14775,"href":"https:\/\/www.visionweb.com.ar\/index.php?rest_route=\/wp\/v2\/posts\/14774\/revisions\/14775"}],"wp:featuredmedia":[{"embeddable":true,"href":"https:\/\/www.visionweb.com.ar\/index.php?rest_route=\/wp\/v2\/media\/14023"}],"wp:attachment":[{"href":"https:\/\/www.visionweb.com.ar\/index.php?rest_route=%2Fwp%2Fv2%2Fmedia&parent=14774"}],"wp:term":[{"taxonomy":"category","embeddable":true,"href":"https:\/\/www.visionweb.com.ar\/index.php?rest_route=%2Fwp%2Fv2%2Fcategories&post=14774"},{"taxonomy":"post_tag","embeddable":true,"href":"https:\/\/www.visionweb.com.ar\/index.php?rest_route=%2Fwp%2Fv2%2Ftags&post=14774"}],"curies":[{"name":"wp","href":"https:\/\/api.w.org\/{rel}","templated":true}]}}