{"id":14768,"date":"2024-06-04T17:52:15","date_gmt":"2024-06-04T20:52:15","guid":{"rendered":"https:\/\/www.visionweb.com.ar\/?p=14768"},"modified":"2024-06-04T17:55:32","modified_gmt":"2024-06-04T20:55:32","slug":"entidades-empresarias-rechazan-la-modificacion-de-un-articulo-de-la-ley-11-613","status":"publish","type":"post","link":"https:\/\/www.visionweb.com.ar\/?p=14768","title":{"rendered":"Entidades empresarias rechazan la modificaci\u00f3n de un art\u00edculo de la Ley 11.653"},"content":{"rendered":"<p><em><strong>Para la C\u00e1mara empresaria la reforma del Art. 48 no se condice con la vigencia de la legislaci\u00f3n actual y la forma\u00a0 propuesta para su aplicaci\u00f3n no corresponde incorporarse para la liquidaci\u00f3n de las indemnizaciones.<\/strong><\/em><!--more--><\/p>\n<p><img loading=\"lazy\" decoding=\"async\" class=\"size-medium wp-image-14769 alignright\" src=\"https:\/\/www.visionweb.com.ar\/wp-content\/uploads\/2024\/06\/SENADO-BUENOS-AIRES-300x200.png\" alt=\"\" width=\"300\" height=\"200\" srcset=\"https:\/\/www.visionweb.com.ar\/wp-content\/uploads\/2024\/06\/SENADO-BUENOS-AIRES-300x200.png 300w, https:\/\/www.visionweb.com.ar\/wp-content\/uploads\/2024\/06\/SENADO-BUENOS-AIRES.png 640w\" sizes=\"auto, (max-width: 300px) 100vw, 300px\" \/>Las entidades empresarias nucleadas en la Confederaci\u00f3n General Econ\u00f3mica de la Rep\u00fablica Argentina (CGERA), rechazaron una iniciativa aprobada por la C\u00e1mara de Diputados bonaerense, con media sanci\u00f3n,\u00a0 que pretende modificar el Art. 48 la Ley 11.653 referida a la administraci\u00f3n de la justicia laboral.<\/p>\n<p>En una nota dirigida a la presidenta del Senado de la Provincia de Buenos Aires, Ver\u00f3nica Magarios, la confederaci\u00f3n empresaria\u00a0 rechaz\u00f3 \u00abla modificaci\u00f3n de la formula utilizada para establecer las indemnizaciones laborales\u00bb.<\/p>\n<p>\u00abSe trata de una modificaci\u00f3n de la forma en que se calculan los intereses en las sentencias por juicios laborales, a trav\u00e9s de la modificaci\u00f3n del art\u00edculo 48 de la ley 11.653 de Procedimiento Laboral\u00bb, consign\u00f3 la nota presentada en el Senado bonaerense.<\/p>\n<p>El proyecto de Reforma que ya tiene media sanci\u00f3n de la C\u00e1mara de Diputados bonaerense\u00a0establece que el monto indemnizatorio por el que se condene al empleador se deber\u00e1 actualizar seg\u00fan el CER + 6% anual. El c\u00e1lculo de tiempo se deber\u00e1 computar desde la fecha de cese de la relaci\u00f3n laboral hasta el efectivo pago de la indemnizaci\u00f3n correspondiente\u00bb, sostuvo la nota elevada a la Legislatura provincial.<\/p>\n<p><strong>Qu\u00e9 dice la Ley<\/strong><\/p>\n<p>El <em>Art\u00edculo 48 de la Ley 11.653 en el capitulo Liquidaci\u00f3n consigna que\u00a0<strong>(Texto seg\u00fan Ley 14399)\u00a0<\/strong>Dictada la sentencia el Secretario del Tribunal practicar\u00e1 la liquidaci\u00f3n de capital, intereses y costas, notificando a las partes en la forma ordenada en el art\u00edculo 16, bajo apercibimiento de tenerla por consentida si dentro del quinto d\u00eda no se formularen observaciones, cuyo tr\u00e1mite no interrumpir\u00e1 el plazo para deducir los recursos correspondientes.<\/em><\/p>\n<p><em>Al monto total por el que se condene a la demandada se deber\u00e1 adicionar los intereses devengados desde la fecha de su exigibilidad y hasta el efectivo pago, seg\u00fan el c\u00e1lculo de intereses \u201cal promedio de la Tasa Activa\u201d que fija el Banco de la Provincia de Buenos Aires en sus operaciones de descuento.<\/em><\/p>\n<p>En otro tramo de la nota elevada a la legislatura por CGERA, consign\u00f3 que El sistema de actualizaci\u00f3n conlleva a un resultado manifiestamente desproporcionado que prescinde de la realidad econ\u00f3mica de las empresas demandadas.<\/p>\n<p>La entidad empresaria, explic\u00f3 en la nota presentada en la C\u00e1mara de Senadores bonaerense que la aplicaci\u00f3n de la tasa de actualizaci\u00f3n prevista en la reforma del art\u00edculo 48 de la Ley 11653 no solo es un fracaso en encontrar una soluci\u00f3n a la problem\u00e1tica original y derivada (depreciaci\u00f3n de los cr\u00e9ditos laborales) sino que contin\u00faa generando un resultado desproporcionado y de significativo impacto para las empresas comprometi\u00e9ndolas a su cierre y\/o reducci\u00f3n.<\/p>\n<p>\u00abEs por ello por lo que entendemos que el par\u00e1metro de la tasa debe ser modificado concretamente por uno que se encuentre dentro del sistema bancario y sin una actualizaci\u00f3n extra, ya que la misma se encuentra incluida en la misma tasa!, a\u00f1adieron.<\/p>\n<p>Los empresarios, por \u00faltimo exhortaron a \u00ablos Senadores provinciales a una mesa de di\u00e1logo urgente con el sector empresario para evitar esta modificaci\u00f3n legislativa que traer\u00e1 graves consecuencias para las PYME locales\u00bb <strong>(VW)<\/strong>.<\/p>\n","protected":false},"excerpt":{"rendered":"<p>Para la C\u00e1mara empresaria la reforma del Art. 48 no se condice con la vigencia de la legislaci\u00f3n actual y la forma\u00a0 propuesta para su aplicaci\u00f3n no corresponde incorporarse para la liquidaci\u00f3n de las&#46;&#46;&#46;<\/p>\n","protected":false},"author":3,"featured_media":14769,"comment_status":"closed","ping_status":"closed","sticky":false,"template":"","format":"standard","meta":{"_monsterinsights_skip_tracking":false,"_monsterinsights_sitenote_active":false,"_monsterinsights_sitenote_note":"","_monsterinsights_sitenote_category":0,"footnotes":""},"categories":[749],"tags":[2077,1111,4514,1048,468],"class_list":["post-14768","post","type-post","status-publish","format-standard","has-post-thumbnail","hentry","category-pymes","tag-laboral","tag-legislacion","tag-magarios","tag-reforma","tag-senado"],"_links":{"self":[{"href":"https:\/\/www.visionweb.com.ar\/index.php?rest_route=\/wp\/v2\/posts\/14768","targetHints":{"allow":["GET"]}}],"collection":[{"href":"https:\/\/www.visionweb.com.ar\/index.php?rest_route=\/wp\/v2\/posts"}],"about":[{"href":"https:\/\/www.visionweb.com.ar\/index.php?rest_route=\/wp\/v2\/types\/post"}],"author":[{"embeddable":true,"href":"https:\/\/www.visionweb.com.ar\/index.php?rest_route=\/wp\/v2\/users\/3"}],"replies":[{"embeddable":true,"href":"https:\/\/www.visionweb.com.ar\/index.php?rest_route=%2Fwp%2Fv2%2Fcomments&post=14768"}],"version-history":[{"count":4,"href":"https:\/\/www.visionweb.com.ar\/index.php?rest_route=\/wp\/v2\/posts\/14768\/revisions"}],"predecessor-version":[{"id":14773,"href":"https:\/\/www.visionweb.com.ar\/index.php?rest_route=\/wp\/v2\/posts\/14768\/revisions\/14773"}],"wp:featuredmedia":[{"embeddable":true,"href":"https:\/\/www.visionweb.com.ar\/index.php?rest_route=\/wp\/v2\/media\/14769"}],"wp:attachment":[{"href":"https:\/\/www.visionweb.com.ar\/index.php?rest_route=%2Fwp%2Fv2%2Fmedia&parent=14768"}],"wp:term":[{"taxonomy":"category","embeddable":true,"href":"https:\/\/www.visionweb.com.ar\/index.php?rest_route=%2Fwp%2Fv2%2Fcategories&post=14768"},{"taxonomy":"post_tag","embeddable":true,"href":"https:\/\/www.visionweb.com.ar\/index.php?rest_route=%2Fwp%2Fv2%2Ftags&post=14768"}],"curies":[{"name":"wp","href":"https:\/\/api.w.org\/{rel}","templated":true}]}}