{"id":14761,"date":"2024-06-04T14:17:24","date_gmt":"2024-06-04T17:17:24","guid":{"rendered":"https:\/\/www.visionweb.com.ar\/?p=14761"},"modified":"2024-06-04T14:17:24","modified_gmt":"2024-06-04T17:17:24","slug":"vuelos-controladores-aereos-haran-una-extensa-medida-de-fuerza-durante-junio","status":"publish","type":"post","link":"https:\/\/www.visionweb.com.ar\/?p=14761","title":{"rendered":"Vuelos: Controladores a\u00e9reos har\u00e1n una extensa medida de fuerza durante junio"},"content":{"rendered":"<p><em><strong>El gremio de controladores a\u00e9reos anunci\u00f3 paros intermitentes durante 18 d\u00edas a lo largo de junio en busca de mejoras salariales.\u00a0<\/strong><\/em><!--more--><\/p>\n<p><img loading=\"lazy\" decoding=\"async\" class=\"size-medium wp-image-14762 alignright\" src=\"https:\/\/www.visionweb.com.ar\/wp-content\/uploads\/2024\/06\/aereos-paros-junio-300x200.png\" alt=\"\" width=\"300\" height=\"200\" srcset=\"https:\/\/www.visionweb.com.ar\/wp-content\/uploads\/2024\/06\/aereos-paros-junio-300x200.png 300w, https:\/\/www.visionweb.com.ar\/wp-content\/uploads\/2024\/06\/aereos-paros-junio.png 502w\" sizes=\"auto, (max-width: 300px) 100vw, 300px\" \/>\u00a0<strong>L<\/strong>a\u00a0<strong>Asociaci\u00f3n T\u00e9cnicos y Empleados de Protecci\u00f3n y Seguridad a la Aeronavegaci\u00f3n (ATEPSA)<\/strong>, es decir los<strong> controladores a\u00e9reos, <\/strong>anunci\u00f3 que por reclamos salariales, llevar\u00e1 a cabo una extensa medida de fuerza que\u00a0<strong>durar\u00e1 18 d\u00edas a lo largo de junio en la que habr\u00e1 paros intermitentes<\/strong>.<\/p>\n<p>A trav\u00e9s de sus redes oficiales y p\u00e1gina web, el gremio que nuclea a estos trabajadores comparti\u00f3 el <strong>cronograma<\/strong> de paros intermitentes que\u00a0<strong>comenzar\u00e1n el pr\u00f3ximo domingo 9 y culminar\u00e1 el 30 de junio <\/strong>(ver imagen).<\/p>\n<p>Cabe resaltar que durante ese per\u00edodo, hay dos fines de semana largos por los feriados del 17, 20 y 21 de junio.<\/p>\n<p>La retenci\u00f3n de tareas\u00a0<strong>ser\u00e1 de 3 a 6 horas<\/strong>, depende el d\u00eda. Cabe destacar que la particular medida de fuerza est\u00e1 relacionada a que el trabajo de los controladores es una actividad declarada como \u201cservicio esencial\u201d, por lo que se debe garantizar un m\u00ednimo del 45 por ciento de su funcionamiento.<\/p>\n<p>A su vez, en el comunicado tambi\u00e9n detallaron que \u201c<strong>las medidas leg\u00edtimas de acci\u00f3n sindical s\u00f3lo afectar\u00e1 a autorizaciones de aeronaves y veh\u00edculos en tierra, impactando \u00fanicamente a los despegues de las aeronaves<\/strong>\u201d.<\/p>\n<p>A la vez alertaron que no se recibir\u00e1n, ni transmitir\u00e1n planes de vuelo en el horario de las medidas leg\u00edtimas de acci\u00f3n sindical.<\/p>\n<p>Por otro lado, se considerar\u00e1 dentro de las medidas leg\u00edtimas de acci\u00f3n sindical toda actividad o acci\u00f3n que no afecte las operaciones en desarrollo\u201d.<\/p>\n<p>Finalmente, sentenciaron: \u201c<strong>Quedar\u00e1n exceptuados de las medidas leg\u00edtimas de acci\u00f3n sindical las aeronaves que eventualmente se declaren en emergencia, como a aquellas que presten servicios sanitarios, humanitario, de estado y\/o de b\u00fasqueda y salvamento<\/strong>\u201d. <strong>(VW)<\/strong><\/p>\n<p>&nbsp;<\/p>\n","protected":false},"excerpt":{"rendered":"<p>El gremio de controladores a\u00e9reos anunci\u00f3 paros intermitentes durante 18 d\u00edas a lo largo de junio en busca de mejoras salariales.\u00a0<\/p>\n","protected":false},"author":4,"featured_media":14762,"comment_status":"closed","ping_status":"closed","sticky":false,"template":"","format":"standard","meta":{"_monsterinsights_skip_tracking":false,"_monsterinsights_sitenote_active":false,"_monsterinsights_sitenote_note":"","_monsterinsights_sitenote_category":0,"footnotes":""},"categories":[8,4,5],"tags":[6193,6192,774,4796],"class_list":["post-14761","post","type-post","status-publish","format-standard","has-post-thumbnail","hentry","category-interes-general","category-politica","category-sociedad","tag-atepsa","tag-controladores-aereos","tag-junio","tag-medidas-de-fuerza"],"_links":{"self":[{"href":"https:\/\/www.visionweb.com.ar\/index.php?rest_route=\/wp\/v2\/posts\/14761","targetHints":{"allow":["GET"]}}],"collection":[{"href":"https:\/\/www.visionweb.com.ar\/index.php?rest_route=\/wp\/v2\/posts"}],"about":[{"href":"https:\/\/www.visionweb.com.ar\/index.php?rest_route=\/wp\/v2\/types\/post"}],"author":[{"embeddable":true,"href":"https:\/\/www.visionweb.com.ar\/index.php?rest_route=\/wp\/v2\/users\/4"}],"replies":[{"embeddable":true,"href":"https:\/\/www.visionweb.com.ar\/index.php?rest_route=%2Fwp%2Fv2%2Fcomments&post=14761"}],"version-history":[{"count":1,"href":"https:\/\/www.visionweb.com.ar\/index.php?rest_route=\/wp\/v2\/posts\/14761\/revisions"}],"predecessor-version":[{"id":14763,"href":"https:\/\/www.visionweb.com.ar\/index.php?rest_route=\/wp\/v2\/posts\/14761\/revisions\/14763"}],"wp:featuredmedia":[{"embeddable":true,"href":"https:\/\/www.visionweb.com.ar\/index.php?rest_route=\/wp\/v2\/media\/14762"}],"wp:attachment":[{"href":"https:\/\/www.visionweb.com.ar\/index.php?rest_route=%2Fwp%2Fv2%2Fmedia&parent=14761"}],"wp:term":[{"taxonomy":"category","embeddable":true,"href":"https:\/\/www.visionweb.com.ar\/index.php?rest_route=%2Fwp%2Fv2%2Fcategories&post=14761"},{"taxonomy":"post_tag","embeddable":true,"href":"https:\/\/www.visionweb.com.ar\/index.php?rest_route=%2Fwp%2Fv2%2Ftags&post=14761"}],"curies":[{"name":"wp","href":"https:\/\/api.w.org\/{rel}","templated":true}]}}