{"id":14759,"date":"2024-06-04T13:19:59","date_gmt":"2024-06-04T16:19:59","guid":{"rendered":"https:\/\/www.visionweb.com.ar\/?p=14759"},"modified":"2024-06-04T13:19:59","modified_gmt":"2024-06-04T16:19:59","slug":"provincia-desarrollo-agrario-presento-un-programa-fomento-de-huertas-urbanas","status":"publish","type":"post","link":"https:\/\/www.visionweb.com.ar\/?p=14759","title":{"rendered":"Provincia: Desarrollo Agrario present\u00f3 un programa Fomento de Huertas Urbanas"},"content":{"rendered":"<p><em><strong>Es para la creaci\u00f3n de huertas urbanas y reemplazar\u00e1 al anterior Pro Huerta. Lo anunci\u00f3 el ministro Javier Rodr\u00edguez. Ser\u00e1 dirigido a familias, organizaciones sociales, instituciones, comedores comunitarios y municipios, e incluye capacitaci\u00f3n. Tambi\u00e9n se refiri\u00f3 a la problem\u00e1tica alimentaria.<\/strong><\/em><!--more--><\/p>\n<p><strong>\u00a0\u00a0 <img loading=\"lazy\" decoding=\"async\" class=\"size-medium wp-image-10114 alignright\" src=\"https:\/\/www.visionweb.com.ar\/wp-content\/uploads\/2023\/03\/curso-de-huerta-brown-300x185.png\" alt=\"\" width=\"300\" height=\"185\" srcset=\"https:\/\/www.visionweb.com.ar\/wp-content\/uploads\/2023\/03\/curso-de-huerta-brown-300x185.png 300w, https:\/\/www.visionweb.com.ar\/wp-content\/uploads\/2023\/03\/curso-de-huerta-brown.png 390w\" sizes=\"auto, (max-width: 300px) 100vw, 300px\" \/>\u00a0\u00a0 E<\/strong>l ministro de <strong>Desarrollo Agrario bonaerense, Javier Rodr\u00edguez<\/strong>, anunci\u00f3 la creaci\u00f3n de un programa de <strong>Fomento de Huertas Urbanas<\/strong> con el objetivo de aumentar la producci\u00f3n de alimentos frescos para el autoconsumo.<\/p>\n<p>Cabe se\u00f1alar que el Gobierno nacional <strong>discontinu\u00f3 el plan Pro Huertas<\/strong> que reg\u00eda desde 1990, y era una de las pocas pol\u00edticas p\u00fablicas que hab\u00edan sostenido todas las gestiones presidenciales.<\/p>\n<p>\u201cEl programa de Fomento de Huertas Urbanas estar\u00e1 construido a partir de la interacci\u00f3n con organismos e instituciones, y ya estamos invitando a municipios a que adhieran y tambi\u00e9n a universidades para fortalecer el entramado productivo\u201d, explic\u00f3 Rodr\u00edguez al anunciar la creaci\u00f3n del plan ayer, en conferencia de prensa.<\/p>\n<p>\u201cEste programa tiene mayor relevancia en este contexto de la crisis de los alimentos a nivel nacional\u201d, dijo adem\u00e1s Rodr\u00edguez.<\/p>\n<p>En rigor, el nuevo plan tiene como objetivo <strong>la capacitaci\u00f3n en formaci\u00f3n de huertas y producci\u00f3n de alimentos<\/strong>. Est\u00e1 dirigido a familias, organizaciones sociales, instituciones, comedores comunitarios y municipios.<\/p>\n<p>\u201cCuando las condiciones de alimentaci\u00f3n se deterioran, el acceso a frutas y verduras suele ser el m\u00e1s afectado. Por eso se busca generar muchas huertas comunitarias y familiares\u201d, remarc\u00f3.<\/p>\n<p>Adem\u00e1s, Rodr\u00edguez cont\u00f3 que su cartera cre\u00f3 l\u00edneas de Financiamiento \u201cA valor producto\u201d para financiar la producci\u00f3n ap\u00edcola, tambera, porcinera, ovina y bovina, al tiempo que abri\u00f3 la convocatoria a Proyectos de Fortalecimiento de Peque\u00f1as Unidades Productivas de Alimentos Artesanales (PUPAAs) para fomentar el agregado de valor en la producci\u00f3n de alimentos. A la vez, present\u00f3 un plan de Incentivo a la Actividad Forestal. <strong>(VW)<\/strong><\/p>\n","protected":false},"excerpt":{"rendered":"<p>Es para la creaci\u00f3n de huertas urbanas y reemplazar\u00e1 al anterior Pro Huerta. Lo anunci\u00f3 el ministro Javier Rodr\u00edguez. Ser\u00e1 dirigido a familias, organizaciones sociales, instituciones, comedores comunitarios y municipios, e incluye capacitaci\u00f3n. Tambi\u00e9n&#46;&#46;&#46;<\/p>\n","protected":false},"author":4,"featured_media":10114,"comment_status":"closed","ping_status":"closed","sticky":false,"template":"","format":"standard","meta":{"_monsterinsights_skip_tracking":false,"_monsterinsights_sitenote_active":false,"_monsterinsights_sitenote_note":"","_monsterinsights_sitenote_category":0,"footnotes":""},"categories":[8,4,5],"tags":[6190,3652,6191],"class_list":["post-14759","post","type-post","status-publish","format-standard","has-post-thumbnail","hentry","category-interes-general","category-politica","category-sociedad","tag-fomento-de-huertas-urbanas","tag-javier-rodriguez","tag-nuevo-proyecto-bonaerense"],"_links":{"self":[{"href":"https:\/\/www.visionweb.com.ar\/index.php?rest_route=\/wp\/v2\/posts\/14759","targetHints":{"allow":["GET"]}}],"collection":[{"href":"https:\/\/www.visionweb.com.ar\/index.php?rest_route=\/wp\/v2\/posts"}],"about":[{"href":"https:\/\/www.visionweb.com.ar\/index.php?rest_route=\/wp\/v2\/types\/post"}],"author":[{"embeddable":true,"href":"https:\/\/www.visionweb.com.ar\/index.php?rest_route=\/wp\/v2\/users\/4"}],"replies":[{"embeddable":true,"href":"https:\/\/www.visionweb.com.ar\/index.php?rest_route=%2Fwp%2Fv2%2Fcomments&post=14759"}],"version-history":[{"count":1,"href":"https:\/\/www.visionweb.com.ar\/index.php?rest_route=\/wp\/v2\/posts\/14759\/revisions"}],"predecessor-version":[{"id":14760,"href":"https:\/\/www.visionweb.com.ar\/index.php?rest_route=\/wp\/v2\/posts\/14759\/revisions\/14760"}],"wp:featuredmedia":[{"embeddable":true,"href":"https:\/\/www.visionweb.com.ar\/index.php?rest_route=\/wp\/v2\/media\/10114"}],"wp:attachment":[{"href":"https:\/\/www.visionweb.com.ar\/index.php?rest_route=%2Fwp%2Fv2%2Fmedia&parent=14759"}],"wp:term":[{"taxonomy":"category","embeddable":true,"href":"https:\/\/www.visionweb.com.ar\/index.php?rest_route=%2Fwp%2Fv2%2Fcategories&post=14759"},{"taxonomy":"post_tag","embeddable":true,"href":"https:\/\/www.visionweb.com.ar\/index.php?rest_route=%2Fwp%2Fv2%2Ftags&post=14759"}],"curies":[{"name":"wp","href":"https:\/\/api.w.org\/{rel}","templated":true}]}}