{"id":14747,"date":"2024-06-03T11:31:53","date_gmt":"2024-06-03T14:31:53","guid":{"rendered":"https:\/\/www.visionweb.com.ar\/?p=14747"},"modified":"2024-06-03T11:31:53","modified_gmt":"2024-06-03T14:31:53","slug":"a-9-anos-de-la-primera-movilizacion-ni-una-menos","status":"publish","type":"post","link":"https:\/\/www.visionweb.com.ar\/?p=14747","title":{"rendered":"A 9 a\u00f1os de la primera movilizaci\u00f3n \u00abNi Una Menos\u00bb"},"content":{"rendered":"<p><em><strong>Hoy se cumplen 9 a\u00f1os de la primera marcha, y a pesar de los reclamos, actualmente se registra 1 femicidio cada 31 horas. La pobreza \u201cafecta doblemente a las mujeres, ni\u00f1as y ni\u00f1os, jubiladas\/os, las personas con discapacidad\u201d. <\/strong><strong>Realizar\u00e1n<\/strong><strong> una marcha hoy a partir de las 16:30 frente al Congreso. Adem\u00e1s, habr\u00e1 actos en otras ciudades del pa\u00eds.<\/strong><strong>\u00a0<\/strong><\/em><!--more--><\/p>\n<p><strong> <img loading=\"lazy\" decoding=\"async\" class=\"size-medium wp-image-14748 alignright\" src=\"https:\/\/www.visionweb.com.ar\/wp-content\/uploads\/2024\/06\/ni-una-menos-300x139.png\" alt=\"\" width=\"300\" height=\"139\" srcset=\"https:\/\/www.visionweb.com.ar\/wp-content\/uploads\/2024\/06\/ni-una-menos-300x139.png 300w, https:\/\/www.visionweb.com.ar\/wp-content\/uploads\/2024\/06\/ni-una-menos.png 602w\" sizes=\"auto, (max-width: 300px) 100vw, 300px\" \/>\u00a0\u00a0\u00a0 E<\/strong>ste 3 de junio se cumplen nueve a\u00f1os de la <strong>hist\u00f3rica movilizaci\u00f3n convocada bajo el lema #NiUnaMenos <\/strong>y el reclamo<strong> sigue m\u00e1s que vigente<\/strong>, ya que en lo que va del 2024, unas 127 personas fueron v\u00edctimas fatales de la violencia machista en Argentina.<\/p>\n<p>En este contexto, el observatorio\u00a0<strong>\u00abAhora que si nos ven\u00bb<\/strong>\u00a0registr\u00f3 al menos unas<strong>\u00a02544 muertes<\/strong>\u00a0en manos de la violencia machista en los \u00faltimos 9 a\u00f1os.<\/p>\n<p>El primer\u00a0<strong>\u00abNi Una Menos\u00bb<\/strong>\u00a0se llev\u00f3 a cabo en 2015, como respuesta al asesinato de\u00a0<strong>Chiara P\u00e1ez<\/strong>, una adolescente de 14 a\u00f1os oriunda de Santa Fe asesinada a golpes por su novio, Manuel Mansilla, porque estaba embarazada. Su caso, como tantos otros, tuvo un alto impacto en la sociedad, lo cual gener\u00f3 que miles de mujeres se agruparan en las calles para exigir el cese de la violencia machista.<\/p>\n<p>El Ministerio de Mujeres de la provincia de Buenos Aires, a cargo de Estela D\u00edaz, recuerda que\u00a0<strong>\u201cel 3 de junio del 2015 m\u00e1s de 500 mil mujeres, lesbianas, travestis y trans gritaron Ni una menos<\/strong>\u00a0y se movilizaron para denunciar la violencia machista en su m\u00e1xima expresi\u00f3n: los femicidios, travesticidios y lesbicidios\u201d.<\/p>\n<p>El\u00a0<strong>Observatorio de Femicidios<\/strong>,\u00a0\u201cAdriana Marisel Zambrano\u201d, de La Casa del Encuentro, inform\u00f3 hace pocos d\u00edas que\u00a0<strong>en cinco meses se contabilizaron 127 v\u00edctimas de violencia de g\u00e9nero.<\/strong><\/p>\n<p>\u201cDel 1\u00b0de enero al 31\/5\/2024, hubo 114 femicidios y vinculados de mujeres y ni\u00f1as,3 lesbicidios,1 trans-travesticidio y 9 femicidios vinculados de varones adultos y ni\u00f1os\u201d, precisa la organizaci\u00f3n.<\/p>\n<p>Denunci\u00f3 adem\u00e1s, que <strong>la pobreza \u201cafecta doblemente a las mujeres, ni\u00f1as y ni\u00f1os, jubiladas\/os, las personas con discapacidad<\/strong>\u201d.\u00a0<strong>\u201cNecesitan un Estado activo que d\u00e9 respuestas a las problem\u00e1ticas reales de la sociedad\u201d<\/strong>, reclam\u00f3.<\/p>\n<p>Dentro del informe se destacan algunas cuestiones vinculadas a las v\u00edctimas: dos de ellas estaban embarazadas y siete v\u00edctimas eran migrantes. Por otro lado, remarca que unos 17 femicidas se suicidaron. <strong>(VW)<\/strong><\/p>\n<p>&nbsp;<\/p>\n","protected":false},"excerpt":{"rendered":"<p>Hoy se cumplen 9 a\u00f1os de la primera marcha, y a pesar de los reclamos, actualmente se registra 1 femicidio cada 31 horas. La pobreza \u201cafecta doblemente a las mujeres, ni\u00f1as y ni\u00f1os, jubiladas\/os,&#46;&#46;&#46;<\/p>\n","protected":false},"author":4,"featured_media":14748,"comment_status":"closed","ping_status":"closed","sticky":false,"template":"","format":"standard","meta":{"_monsterinsights_skip_tracking":false,"_monsterinsights_sitenote_active":false,"_monsterinsights_sitenote_note":"","_monsterinsights_sitenote_category":0,"footnotes":""},"categories":[4,5],"tags":[6186,411,4574,2421],"class_list":["post-14747","post","type-post","status-publish","format-standard","has-post-thumbnail","hentry","category-politica","category-sociedad","tag-9-anos","tag-femicidios","tag-marchas","tag-ni-una-menos"],"_links":{"self":[{"href":"https:\/\/www.visionweb.com.ar\/index.php?rest_route=\/wp\/v2\/posts\/14747","targetHints":{"allow":["GET"]}}],"collection":[{"href":"https:\/\/www.visionweb.com.ar\/index.php?rest_route=\/wp\/v2\/posts"}],"about":[{"href":"https:\/\/www.visionweb.com.ar\/index.php?rest_route=\/wp\/v2\/types\/post"}],"author":[{"embeddable":true,"href":"https:\/\/www.visionweb.com.ar\/index.php?rest_route=\/wp\/v2\/users\/4"}],"replies":[{"embeddable":true,"href":"https:\/\/www.visionweb.com.ar\/index.php?rest_route=%2Fwp%2Fv2%2Fcomments&post=14747"}],"version-history":[{"count":1,"href":"https:\/\/www.visionweb.com.ar\/index.php?rest_route=\/wp\/v2\/posts\/14747\/revisions"}],"predecessor-version":[{"id":14749,"href":"https:\/\/www.visionweb.com.ar\/index.php?rest_route=\/wp\/v2\/posts\/14747\/revisions\/14749"}],"wp:featuredmedia":[{"embeddable":true,"href":"https:\/\/www.visionweb.com.ar\/index.php?rest_route=\/wp\/v2\/media\/14748"}],"wp:attachment":[{"href":"https:\/\/www.visionweb.com.ar\/index.php?rest_route=%2Fwp%2Fv2%2Fmedia&parent=14747"}],"wp:term":[{"taxonomy":"category","embeddable":true,"href":"https:\/\/www.visionweb.com.ar\/index.php?rest_route=%2Fwp%2Fv2%2Fcategories&post=14747"},{"taxonomy":"post_tag","embeddable":true,"href":"https:\/\/www.visionweb.com.ar\/index.php?rest_route=%2Fwp%2Fv2%2Ftags&post=14747"}],"curies":[{"name":"wp","href":"https:\/\/api.w.org\/{rel}","templated":true}]}}