{"id":14740,"date":"2024-06-03T09:47:33","date_gmt":"2024-06-03T12:47:33","guid":{"rendered":"https:\/\/www.visionweb.com.ar\/?p=14740"},"modified":"2024-06-03T09:47:33","modified_gmt":"2024-06-03T12:47:33","slug":"se-recordo-en-la-vispera-el-dia-nacional-del-bombero-voluntario","status":"publish","type":"post","link":"https:\/\/www.visionweb.com.ar\/?p=14740","title":{"rendered":"Se record\u00f3 en la v\u00edspera el D\u00eda Nacional del Bombero Voluntario"},"content":{"rendered":"<p><strong><em>En la d\u00e9cada de 1960, y a partir del incremento del n\u00famero de asociaciones de bomberos voluntarios en todo el pa\u00eds, comenzaron a surgir las primeras instituciones dentro del Sistema Nacional de Bomberos Voluntarios.<\/em><\/strong><!--more--><\/p>\n<div id=\"attachment_14741\" style=\"width: 310px\" class=\"wp-caption alignright\"><img loading=\"lazy\" decoding=\"async\" aria-describedby=\"caption-attachment-14741\" class=\"wp-image-14741 size-medium\" src=\"https:\/\/www.visionweb.com.ar\/wp-content\/uploads\/2024\/06\/Dia-nacional-edlp-bombero-voluntario-300x200.png\" alt=\"\" width=\"300\" height=\"200\" srcset=\"https:\/\/www.visionweb.com.ar\/wp-content\/uploads\/2024\/06\/Dia-nacional-edlp-bombero-voluntario-300x200.png 300w, https:\/\/www.visionweb.com.ar\/wp-content\/uploads\/2024\/06\/Dia-nacional-edlp-bombero-voluntario.png 640w\" sizes=\"auto, (max-width: 300px) 100vw, 300px\" \/><p id=\"caption-attachment-14741\" class=\"wp-caption-text\"><strong><em>El 2 de junio se record\u00f3 el \u00abD\u00eda nacional del bombero voluntario\u00bb, (Imagen: Prensa Casa Rosada) <\/em><\/strong><\/p><\/div>\n<p><strong>E<\/strong>ste domingo, 2 de junio, se celebra en todo el pa\u00eds el D\u00eda Nacional del Bombero Voluntario, en honor a la fundaci\u00f3n del primer Cuerpo de Bomberos Voluntarios de La Boca y en reconocimiento a la valiosa labor de aquellos hombres y mujeres que, de manera desinteresada y con gran valent\u00eda, dedican su tiempo y esfuerzo a proteger a la comunidad en situaciones de emergencia.<\/p>\n<p>En 1884, a ra\u00edz de un voraz incendio en ese barrio porte\u00f1o de la ciudad de Buenos Aires, un vecino llamado Tom\u00e1s Liberti y su hijo organizaron, junto a un grupo de personas de esa comunidad, una cadena humana para apagar las llamas que amenazaban propagarse r\u00e1pidamente en las construcciones aleda\u00f1as.<\/p>\n<p><img loading=\"lazy\" decoding=\"async\" class=\"size-medium wp-image-14742 alignleft\" src=\"https:\/\/www.visionweb.com.ar\/wp-content\/uploads\/2024\/06\/BOMEBROS-300x200.jpg\" alt=\"\" width=\"300\" height=\"200\" srcset=\"https:\/\/www.visionweb.com.ar\/wp-content\/uploads\/2024\/06\/BOMEBROS-300x200.jpg 300w, https:\/\/www.visionweb.com.ar\/wp-content\/uploads\/2024\/06\/BOMEBROS.jpg 640w\" sizes=\"auto, (max-width: 300px) 100vw, 300px\" \/>Este suceso llev\u00f3 a que el 2 de junio los vecinos se reunieran para formar la Asociaci\u00f3n Italiana de Bomberos Voluntarios de La Boca. Esa fecha dio nacimiento a la creaci\u00f3n del primer Cuerpo de Bomberos Voluntarios que hoy cumple 140 a\u00f1os.<\/p>\n<p>En la d\u00e9cada de 1960, y a partir del incremento del n\u00famero de asociaciones de bomberos voluntarios en todo el pa\u00eds, comenzaron a surgir las primeras instituciones dentro del Sistema Nacional de Bomberos Voluntarios. En 1988, se establecieron las bases del futuro ordenamiento institucional del Sistema y se conform\u00f3 el Consejo de Federaciones de Bomberos Voluntarios de la Rep\u00fablica Argentina (CFBVRA).<\/p>\n<p>Diez a\u00f1os despu\u00e9s, el 18 de abril de 2001, se sancion\u00f3 la Ley N\u00ba 25.425 donde se instituye el d\u00eda 2 de junio de cada a\u00f1o como el D\u00eda Nacional del Bombero Voluntario de la Rep\u00fablica Argentina, una fecha para honrar a estos hombres y mujeres que, con gran responsabilidad, profesionalismo y vocaci\u00f3n, cumplen un importante rol social en la prevenci\u00f3n y cuidado de las comunidades.<\/p>\n<p>Los bomberos voluntarios son conocidos por su dedicaci\u00f3n, coraje y esp\u00edritu de servicio. Enfrentan incendios, accidentes, desastres naturales y otras emergencias con un compromiso inquebrantable hacia el bienestar de sus conciudadanos. A menudo, arriesgan sus propias vidas para salvar las de otros, actuando con rapidez y eficiencia en momentos cr\u00edticos.<\/p>\n<p>En el D\u00eda Nacional del Bombero Voluntario, agradecemos a todos los bomberos voluntarios por su dedicaci\u00f3n, hero\u00edsmo y amor por el pr\u00f3jimo que merece ser celebrado y apoyado en todo momento.<\/p>\n","protected":false},"excerpt":{"rendered":"<p>En la d\u00e9cada de 1960, y a partir del incremento del n\u00famero de asociaciones de bomberos voluntarios en todo el pa\u00eds, comenzaron a surgir las primeras instituciones dentro del Sistema Nacional de Bomberos Voluntarios.<\/p>\n","protected":false},"author":3,"featured_media":14741,"comment_status":"closed","ping_status":"closed","sticky":false,"template":"","format":"standard","meta":{"_monsterinsights_skip_tracking":false,"_monsterinsights_sitenote_active":false,"_monsterinsights_sitenote_note":"","_monsterinsights_sitenote_category":0,"footnotes":""},"categories":[8,5],"tags":[92,857,3663,219],"class_list":["post-14740","post","type-post","status-publish","format-standard","has-post-thumbnail","hentry","category-interes-general","category-sociedad","tag-aniversario","tag-bomberos","tag-conmemoracion","tag-dia"],"_links":{"self":[{"href":"https:\/\/www.visionweb.com.ar\/index.php?rest_route=\/wp\/v2\/posts\/14740","targetHints":{"allow":["GET"]}}],"collection":[{"href":"https:\/\/www.visionweb.com.ar\/index.php?rest_route=\/wp\/v2\/posts"}],"about":[{"href":"https:\/\/www.visionweb.com.ar\/index.php?rest_route=\/wp\/v2\/types\/post"}],"author":[{"embeddable":true,"href":"https:\/\/www.visionweb.com.ar\/index.php?rest_route=\/wp\/v2\/users\/3"}],"replies":[{"embeddable":true,"href":"https:\/\/www.visionweb.com.ar\/index.php?rest_route=%2Fwp%2Fv2%2Fcomments&post=14740"}],"version-history":[{"count":1,"href":"https:\/\/www.visionweb.com.ar\/index.php?rest_route=\/wp\/v2\/posts\/14740\/revisions"}],"predecessor-version":[{"id":14743,"href":"https:\/\/www.visionweb.com.ar\/index.php?rest_route=\/wp\/v2\/posts\/14740\/revisions\/14743"}],"wp:featuredmedia":[{"embeddable":true,"href":"https:\/\/www.visionweb.com.ar\/index.php?rest_route=\/wp\/v2\/media\/14741"}],"wp:attachment":[{"href":"https:\/\/www.visionweb.com.ar\/index.php?rest_route=%2Fwp%2Fv2%2Fmedia&parent=14740"}],"wp:term":[{"taxonomy":"category","embeddable":true,"href":"https:\/\/www.visionweb.com.ar\/index.php?rest_route=%2Fwp%2Fv2%2Fcategories&post=14740"},{"taxonomy":"post_tag","embeddable":true,"href":"https:\/\/www.visionweb.com.ar\/index.php?rest_route=%2Fwp%2Fv2%2Ftags&post=14740"}],"curies":[{"name":"wp","href":"https:\/\/api.w.org\/{rel}","templated":true}]}}